{"id":16350,"date":"2022-05-11T08:47:00","date_gmt":"2022-05-11T08:47:00","guid":{"rendered":"http:\/\/www.varazdin.es\/fundacion\/?p=16350"},"modified":"2024-02-13T09:28:11","modified_gmt":"2024-02-13T09:28:11","slug":"nuevo-programa-de-inclusion-gracias-al-gobierno-de-navarra-y-el-fondo-social-europeo","status":"publish","type":"post","link":"https:\/\/www.varazdin.es\/fundacion\/es\/nuevo-programa-de-inclusion-gracias-al-gobierno-de-navarra-y-el-fondo-social-europeo\/","title":{"rendered":"NUEVO PROGRAMA DE INCLUSI\u00d3N GRACIAS AL GOBIERNO DE NAVARRA Y EL FONDO SOCIAL EUROPEO"},"content":{"rendered":"\n<p>Desde el departamento de Derechos Sociales y a trav\u00e9s de la convocatoria <strong>Empleo COMUNITARIO DE INTER\u00c9S SOCIAL (ECIS<\/strong>) se pone en marcha la posibilidad de contratar personas encuadradas en <strong>Proyectos de atenci\u00f3n a personas desempleadas sin prestaciones<\/strong>.<\/p>\n\n\n\n<p>los objetivos que nos marcamos son la Incorporaci\u00f3n laboral de personas preceptoras de Renta de Inserci\u00f3n Sociolaboral (RIS) a trav\u00e9s de una actividad laboral remunerada, dot\u00e1ndolas de recursos y habilidades sociales, laborales y formativas necesarias para el desempe\u00f1o de la actividad laboral.<\/p>\n\n\n\n<p>&nbsp;con ello, pretendemos mejorar la autoestima, la autonom\u00eda y el nivel de empleabilidad de las personas inmersas en el proyecto. Este proyecto les dotar\u00e1 de una experiencia real y una cualificaci\u00f3n profesional que les permita dirigir su posterior b\u00fasqueda de empleo hacia los sectores productivos seleccionados.<\/p>\n","protected":false},"excerpt":{"rendered":"<p>Desde el departamento de Derechos Sociales y a trav\u00e9s de la convocatoria Empleo COMUNITARIO DE INTER\u00c9S SOCIAL (ECIS) se pone en marcha la posibilidad de contratar personas encuadradas en Proyectos de atenci\u00f3n a personas desempleadas sin prestaciones. los objetivos que nos marcamos son la Incorporaci\u00f3n laboral de personas preceptoras de Renta de Inserci\u00f3n Sociolaboral (RIS) a trav\u00e9s de una actividad laboral remunerada, dot\u00e1ndolas de recursos y habilidades sociales, laborales y formativas necesarias para el desempe\u00f1o de la actividad laboral. &nbsp;con ello, pretendemos mejorar la autoestima, la autonom\u00eda y el nivel de empleabilidad de las personas inmersas en el proyecto. Este proyecto les dotar\u00e1 de una experiencia real y una cualificaci\u00f3n profesional que les permita dirigir su posterior b\u00fasqueda de empleo hacia los sectores productivos seleccionados.<\/p>\n","protected":false},"author":1,"featured_media":16355,"comment_status":"open","ping_status":"open","sticky":false,"template":"","format":"standard","meta":[],"categories":[1],"tags":[],"_links":{"self":[{"href":"https:\/\/www.varazdin.es\/fundacion\/wp-json\/wp\/v2\/posts\/16350"}],"collection":[{"href":"https:\/\/www.varazdin.es\/fundacion\/wp-json\/wp\/v2\/posts"}],"about":[{"href":"https:\/\/www.varazdin.es\/fundacion\/wp-json\/wp\/v2\/types\/post"}],"author":[{"embeddable":true,"href":"https:\/\/www.varazdin.es\/fundacion\/wp-json\/wp\/v2\/users\/1"}],"replies":[{"embeddable":true,"href":"https:\/\/www.varazdin.es\/fundacion\/wp-json\/wp\/v2\/comments?post=16350"}],"version-history":[{"count":3,"href":"https:\/\/www.varazdin.es\/fundacion\/wp-json\/wp\/v2\/posts\/16350\/revisions"}],"predecessor-version":[{"id":16356,"href":"https:\/\/www.varazdin.es\/fundacion\/wp-json\/wp\/v2\/posts\/16350\/revisions\/16356"}],"wp:featuredmedia":[{"embeddable":true,"href":"https:\/\/www.varazdin.es\/fundacion\/wp-json\/wp\/v2\/media\/16355"}],"wp:attachment":[{"href":"https:\/\/www.varazdin.es\/fundacion\/wp-json\/wp\/v2\/media?parent=16350"}],"wp:term":[{"taxonomy":"category","embeddable":true,"href":"https:\/\/www.varazdin.es\/fundacion\/wp-json\/wp\/v2\/categories?post=16350"},{"taxonomy":"post_tag","embeddable":true,"href":"https:\/\/www.varazdin.es\/fundacion\/wp-json\/wp\/v2\/tags?post=16350"}],"curies":[{"name":"wp","href":"https:\/\/api.w.org\/{rel}","templated":true}]}}