{"id":16346,"date":"2022-09-07T07:37:04","date_gmt":"2022-09-07T07:37:04","guid":{"rendered":"http:\/\/www.varazdin.es\/fundacion\/?p=16346"},"modified":"2022-09-07T07:37:06","modified_gmt":"2022-09-07T07:37:06","slug":"reforzando-nuestra-seccion-de-jardineria","status":"publish","type":"post","link":"https:\/\/www.varazdin.es\/fundacion\/es\/reforzando-nuestra-seccion-de-jardineria\/","title":{"rendered":"Reforzando nuestra secci\u00f3n de jardiner\u00eda"},"content":{"rendered":"\n<p>El mantenimiento de jardines es una <strong>actividad<\/strong> que encaja muy bien con personas que tienen dificultades de trabajar en espacios cerrados y con grupos de personas. Este trabajo lo podemos ejecutar contando con ciertos conocimientos, con una preparaci\u00f3n adecuada y una maquinaria que permita su realizaci\u00f3n as\u00ed como el apoyo de un profesional que asuma bajo su direcci\u00f3n la ejecuci\u00f3n de los tajos.<\/p>\n\n\n\n<p>Bajo estas premisas este a\u00f1o hemos conseguido \u00abprofesionalizar\u00bb esta secci\u00f3n mejorando notablemente las posibilidades de servicios que brind\u00e1bamos abriendo una nueva ventana de oportunidad para nuestros usuarios. <\/p>\n\n\n\n<p>Ya hab\u00edamos tenido la oportunidad de trabajar en esta actividad pero no cont\u00e1bamos con el instrumental adecuado. Quer\u00edamos dar un salto y profesionalizarnos, y estas actividades espor\u00e1dicas no nos permit\u00edan tener un equipo de trabajadores y maquinas adecuadas. Ello nos llevaba a alquilarlas con el sobrecoste que ello genera por lo que los precios de nuestros presupuestos no eran demasiado competitivos.<\/p>\n","protected":false},"excerpt":{"rendered":"<p>El mantenimiento de jardines es una actividad que encaja muy bien con personas que tienen dificultades de trabajar en espacios cerrados y con grupos de personas. Este trabajo lo podemos ejecutar contando con ciertos conocimientos, con una preparaci\u00f3n adecuada y una maquinaria que permita su realizaci\u00f3n as\u00ed como el apoyo de un profesional que asuma bajo su direcci\u00f3n la ejecuci\u00f3n de los tajos. Bajo estas premisas este a\u00f1o hemos conseguido \u00abprofesionalizar\u00bb esta secci\u00f3n mejorando notablemente las posibilidades de servicios que brind\u00e1bamos abriendo una nueva ventana de oportunidad para nuestros usuarios. Ya hab\u00edamos tenido la oportunidad de trabajar en esta actividad pero no cont\u00e1bamos con el instrumental adecuado. Quer\u00edamos dar un salto y profesionalizarnos, y estas actividades espor\u00e1dicas no nos permit\u00edan tener un equipo de trabajadores y maquinas adecuadas. Ello nos llevaba a alquilarlas con el sobrecoste que ello genera por lo que los precios de nuestros presupuestos no eran demasiado competitivos.<\/p>\n","protected":false},"author":1,"featured_media":16347,"comment_status":"open","ping_status":"open","sticky":false,"template":"","format":"standard","meta":[],"categories":[1],"tags":[],"_links":{"self":[{"href":"https:\/\/www.varazdin.es\/fundacion\/wp-json\/wp\/v2\/posts\/16346"}],"collection":[{"href":"https:\/\/www.varazdin.es\/fundacion\/wp-json\/wp\/v2\/posts"}],"about":[{"href":"https:\/\/www.varazdin.es\/fundacion\/wp-json\/wp\/v2\/types\/post"}],"author":[{"embeddable":true,"href":"https:\/\/www.varazdin.es\/fundacion\/wp-json\/wp\/v2\/users\/1"}],"replies":[{"embeddable":true,"href":"https:\/\/www.varazdin.es\/fundacion\/wp-json\/wp\/v2\/comments?post=16346"}],"version-history":[{"count":1,"href":"https:\/\/www.varazdin.es\/fundacion\/wp-json\/wp\/v2\/posts\/16346\/revisions"}],"predecessor-version":[{"id":16348,"href":"https:\/\/www.varazdin.es\/fundacion\/wp-json\/wp\/v2\/posts\/16346\/revisions\/16348"}],"wp:featuredmedia":[{"embeddable":true,"href":"https:\/\/www.varazdin.es\/fundacion\/wp-json\/wp\/v2\/media\/16347"}],"wp:attachment":[{"href":"https:\/\/www.varazdin.es\/fundacion\/wp-json\/wp\/v2\/media?parent=16346"}],"wp:term":[{"taxonomy":"category","embeddable":true,"href":"https:\/\/www.varazdin.es\/fundacion\/wp-json\/wp\/v2\/categories?post=16346"},{"taxonomy":"post_tag","embeddable":true,"href":"https:\/\/www.varazdin.es\/fundacion\/wp-json\/wp\/v2\/tags?post=16346"}],"curies":[{"name":"wp","href":"https:\/\/api.w.org\/{rel}","templated":true}]}}