{"id":16336,"date":"2020-10-08T13:03:34","date_gmt":"2020-10-08T13:03:34","guid":{"rendered":"http:\/\/www.varazdin.es\/fundacion\/?p=16336"},"modified":"2020-10-08T13:23:27","modified_gmt":"2020-10-08T13:23:27","slug":"ponemos-en-marcha-un-nuevo-proyecto-dirigido-a-personas-desempleadas-de-mas-55-anos","status":"publish","type":"post","link":"https:\/\/www.varazdin.es\/fundacion\/es\/ponemos-en-marcha-un-nuevo-proyecto-dirigido-a-personas-desempleadas-de-mas-55-anos\/","title":{"rendered":"Ponemos en marcha un nuevo proyecto dirigido a personas desempleadas de m\u00e1s 55 a\u00f1os"},"content":{"rendered":"<p><span style=\"color: #000000; font-family: Calibri;\">\u00a0<\/span><\/p>\n<p><span style=\"color: #000000; font-family: Calibri;\">Fundaci\u00f3n Varazdin gracias a Fundaci\u00f3n Caixabank y Fundaci\u00f3n Caja Navarra a trav\u00e9s de la convocatoria de Innova Social ha puesto en marcha un nuevo proyecto de innovaci\u00f3n social que pretende ser la puerta al mercado de trabajo para personas desempleadas mayores de 55 a\u00f1os en situaci\u00f3n de exclusi\u00f3n social. La edad, unida a distintos problemas de salud, consumos y adicciones al alcohol, un bajo nivel de empleabilidad y poca capacidad de reciclaje profesional, hace que estas personas tengan muy comprometida su incorporaci\u00f3n laboral. Durante el proyecto, les vamos a capacitar (formaci\u00f3n cualificante) y favorecer su adaptaci\u00f3n propiciando cambios significativos tanto laborales como de h\u00e1bitos personales y de salud. Reforzaremos competencias y habilidades para de generar nuevas oportunidades laborales. Queremos dar una salida digna a trav\u00e9s de Itinerarios de intervenci\u00f3n que faciliten un final adecuado a su trayectoria laboral. El proyecto consiste en contratar a estas personas y realizar un trabajo en red, coordinados tanto con las unidades de atenci\u00f3n primaria (servicios sociales) como con las unidades especializadas (salud mental, etc.). Ampliando la vida laboral de las personas como puente para una jubilaci\u00f3n activa y digna a trav\u00e9s de la inclusi\u00f3n social y la salud, la formaci\u00f3n, la integraci\u00f3n laboral, la lucha contra la pobreza, todos ellos ODS<\/span><\/p>\n<p><span style=\"color: #000000; font-family: Calibri;\">Les ofrecemos un Itinerario personalizado de intervenci\u00f3n en el que trabajar h\u00e1bitos conductuales, formativos, capacitaci\u00f3n laboral y promoci\u00f3n de la salud y esto es algo que no se ha hecho antes. Resultado de esto, estas personas trabajar\u00e1n hasta acceder a una jubilaci\u00f3n, favoreciendo su sostenibilidad y una vida digna a futuro, demostrando que son personas v\u00e1lidas que merecen una oportunidad en la sociedad<\/span><\/p>\n<p>&nbsp;<\/p>\n","protected":false},"excerpt":{"rendered":"<p>\u00a0 Fundaci\u00f3n Varazdin gracias a Fundaci\u00f3n Caixabank y Fundaci\u00f3n Caja Navarra a trav\u00e9s de la convocatoria de Innova Social ha puesto en marcha un nuevo proyecto de innovaci\u00f3n social que pretende ser la puerta al mercado de trabajo para personas desempleadas mayores de 55 a\u00f1os en situaci\u00f3n de exclusi\u00f3n social. La edad, unida a distintos problemas de salud, consumos y adicciones al alcohol, un bajo nivel de empleabilidad y poca capacidad de reciclaje profesional, hace que estas personas tengan muy comprometida su incorporaci\u00f3n laboral. Durante el proyecto, les vamos a capacitar (formaci\u00f3n cualificante) y favorecer su adaptaci\u00f3n propiciando cambios significativos tanto laborales como de h\u00e1bitos personales y de salud. Reforzaremos competencias y habilidades para de generar nuevas oportunidades laborales. Queremos dar una salida digna a trav\u00e9s de Itinerarios de intervenci\u00f3n que faciliten un final adecuado a su trayectoria laboral. El proyecto consiste en contratar a estas personas y realizar un trabajo en red, coordinados tanto con las unidades de atenci\u00f3n primaria (servicios sociales) como con las unidades especializadas (salud mental, etc.). Ampliando la vida laboral de las personas como puente para una jubilaci\u00f3n activa y digna a trav\u00e9s de la inclusi\u00f3n social y la salud, la formaci\u00f3n, la integraci\u00f3n laboral, [&hellip;]<\/p>\n","protected":false},"author":1,"featured_media":16337,"comment_status":"open","ping_status":"open","sticky":false,"template":"","format":"standard","meta":[],"categories":[1],"tags":[],"_links":{"self":[{"href":"https:\/\/www.varazdin.es\/fundacion\/wp-json\/wp\/v2\/posts\/16336"}],"collection":[{"href":"https:\/\/www.varazdin.es\/fundacion\/wp-json\/wp\/v2\/posts"}],"about":[{"href":"https:\/\/www.varazdin.es\/fundacion\/wp-json\/wp\/v2\/types\/post"}],"author":[{"embeddable":true,"href":"https:\/\/www.varazdin.es\/fundacion\/wp-json\/wp\/v2\/users\/1"}],"replies":[{"embeddable":true,"href":"https:\/\/www.varazdin.es\/fundacion\/wp-json\/wp\/v2\/comments?post=16336"}],"version-history":[{"count":2,"href":"https:\/\/www.varazdin.es\/fundacion\/wp-json\/wp\/v2\/posts\/16336\/revisions"}],"predecessor-version":[{"id":16339,"href":"https:\/\/www.varazdin.es\/fundacion\/wp-json\/wp\/v2\/posts\/16336\/revisions\/16339"}],"wp:featuredmedia":[{"embeddable":true,"href":"https:\/\/www.varazdin.es\/fundacion\/wp-json\/wp\/v2\/media\/16337"}],"wp:attachment":[{"href":"https:\/\/www.varazdin.es\/fundacion\/wp-json\/wp\/v2\/media?parent=16336"}],"wp:term":[{"taxonomy":"category","embeddable":true,"href":"https:\/\/www.varazdin.es\/fundacion\/wp-json\/wp\/v2\/categories?post=16336"},{"taxonomy":"post_tag","embeddable":true,"href":"https:\/\/www.varazdin.es\/fundacion\/wp-json\/wp\/v2\/tags?post=16336"}],"curies":[{"name":"wp","href":"https:\/\/api.w.org\/{rel}","templated":true}]}}