{"id":16306,"date":"2019-12-16T12:43:25","date_gmt":"2019-12-16T12:43:25","guid":{"rendered":"http:\/\/www.varazdin.es\/fundacion\/?p=16306"},"modified":"2019-12-16T12:43:25","modified_gmt":"2019-12-16T12:43:25","slug":"balance-del-servicio-de-vajilla-reutilizable-2019","status":"publish","type":"post","link":"https:\/\/www.varazdin.es\/fundacion\/es\/balance-del-servicio-de-vajilla-reutilizable-2019\/","title":{"rendered":"Balance del servicio de vajilla reutilizable 2019"},"content":{"rendered":"<p>La vajilla reutilizable empleada en 336 eventos ha evitado el uso de medio mill\u00f3n de piezas de pl\u00e1stico de usar y tirar<br \/>\nGobierno de Navarra, a trav\u00e9s del Consorcio de Residuos, y Mancomunidad de la Comarca de Pamplona ponen esta vajilla a disposici\u00f3n de entidades y asociaciones para todo tipo de eventos populares.<br \/>\nViernes, 22 de noviembre de 2019<br \/>\nEntre enero y octubre de este a\u00f1o, m\u00e1s de 50.000 personas\u00a0han hecho uso de la vajilla reutilizable que el Gobierno foral, a trav\u00e9s del Consorcio de Residuos de Navarra, y la Mancomunidad de la Comarca de Pamplona han puesto a disposici\u00f3n de las entidades locales.<br \/>\nLa utilizaci\u00f3n de esta vajilla en eventos populares contribuye a combatir el pl\u00e1stico de un solo uso y ha evitado el menaje que hubiera ascendido a 500.000 piezas de pl\u00e1stico entre vasos, cubiertos, platos, tazas, etc., en tan solo 10 meses.<br \/>\nEn este sentido, el servicio se anticipa a la futura prohibici\u00f3n de la venta de platos, vasos, tazas, bandejas alimentarias y otros utensilios similares de un solo uso, que se regula en la Ley Foral 14\/2018 de Residuos y su Fiscalidad.<br \/>\nEl balance de la vajilla reutilizable que se puso en marcha en junio de 2018 se ha presentado esta ma\u00f1ana en una rueda de prensa, dentro de los actos previstos por la Semana Europea de la Prevenci\u00f3n de Residuos. En el acto han intervenido el consejero de Cohesi\u00f3n Territorial y presidente del Consorcio de Residuos de Navarra, Bernardo Ciriza, y Eduardo Jim\u00e9nez, gerente de la Fundaci\u00f3n Varazdin, encargada de gestionar los pedidos.<br \/>\nCiriza ha destacado que las fiestas, comidas populares, competiciones deportivas o actos similares \u201cson una gran oportunidad de favorecer la participaci\u00f3n ciudadana y la econom\u00eda local, pero a su vez suponen un incremento de consumo y una mayor generaci\u00f3n de residuos. Por ello, debemos aprovechar este tipo de eventos como una oportunidad para sensibilizar a la ciudadan\u00eda sobre el respeto al medio ambiente\u201d.<br \/>\nPor su parte, el gerente de Varazdin ha subrayado la contribuci\u00f3n de esta medida para reducir la huella ecol\u00f3gica y ha valorado que \u201cla acogida por parte de la ciudadan\u00eda ha sido incre\u00edble; han percibido un mejor servicio y una buena pr\u00e1ctica en tanto que se evita la generaci\u00f3n de residuos\u201d.<br \/>\n1 | 3www.navarra.es &#8211; www.nafarroa.eus<br \/>\nAl acto, que ha finalizado con una visita por las instalaciones donde se limpia y almacena la vajilla de pl\u00e1stico reutilizable, loza y acero inoxidable, han acudido el director general de Administraci\u00f3n Local y Despoblaci\u00f3n, Jes\u00fas Mari Rodr\u00edguez; el gerente de NILSA, I\u00f1aki Urrizalki; la jefa del programa educativo y de sensibilizaci\u00f3n de la Mancomunidad de la Comarca de Pamplona, Carmen Villanueva; y representantes del resto de mancomunidades de Navarra.<br \/>\nEn los 10 primeros meses de 2019, el Consorcio de Residuos y MCP han dado servicio a cerca de 38.000 ciudadanos y ciudadanas para eventos, fiestas, comidas populares, competiciones deportivas\u2026 A estos datos hay que sumar los usuarios de las vajillas propias que ya dispon\u00edan las mancomunidades de Bortziriak, Valdizarbe, Malerreka, Ribera y el Ayuntamiento de Bazt\u00e1n, por lo que en total las vajillas reutilizables han sido empleadas en 336 eventos, dando servicio a 50.764 comensales en m\u00e1s de un centenar de municipios.<br \/>\nLas localidades solicitantes fueron Abaurregaina \/ Abaurrea Alta, All\u00edn, Altsasu \/ Alsasua, Amaiur \/ Maya, Aniz, Arantza, Arce \/ Artzi, Arizkun, Ariztegi, Arraioz, Artajona, Artazu, Atallu, Azkarate, Azplikueta, Baztan, Beartzun, Bera, Berroeta, Betelu, Biskarreta-Gerendiain, Biurrun, Bozate, Burgui \/ Burgi, C\u00e1seda, Cirauqui \/ Zirauki, Donamaria, Doneztebe \/ Santesteban, Ech\u00e1varri , Elizondo, Eratsun, Erratzu, Errazkin, Erro, Espinal, Estella-Lizarra, Etxarren, Fontellas, Funes, Garaioa, Guesalaz \/ Gesalaz, Guirguillano, Hiriberri \/ Villanueva de Aezkoa, Ibilcieta \/ Ibiltzieta, Irurita, Isaba \/ Izaba, Ituren, Izalzu \/ Itzaltzu, Larraga, Leache \/ Leatxe, Leitza, Lekaroz, Lekunberri, Ler\u00edn, Lesaka, Leyre, Lezaeta, Lintzoain, Lodosa, Lumbier, Ma\u00f1eru, Metauten, Miranda de Arga, Navascu\u00e9s \/ Nabaskoze, Obanos, Ochagav\u00eda \/ Otsagabia, Olite \/ Erriberri, Pamplona \/ Iru\u00f1a, Petilla de Arag\u00f3n, Puente la Reina \/ Gares, Sorogain-Lastur, Tudela, Ust\u00e9s, Valtierra, Yerri \/ Deierri, Ziga, Zubieta y Zudaire.<br \/>\nEn la Mancomunidad de la Comarca de Pamplona se tramitaron solicitudes de las propias entidades locales o de diferentes colectivos y asociaciones pertenecientes a Anoc\u00edbar \/ Anotzibar, Arre, Astr\u00e1in, Bara\u00f1\u00e1in \/ Bara\u00f1ain, Beasoain, Belasco\u00e1in, Beorburu, Beruete, Bidaurreta, Esparza de Galar, Echarri \/ Etxarri, Etxauri, Eugi, Huarte \/ Uharte, Igoa, Im\u00e1rcoain, Iraizotz, Izu, Larragueta, Larrasoa\u00f1a, Legarda, Lizaso\u00e1in, Loza \/ Lotza, Muru-Astr\u00e1in, No\u00e1in, Olaz, Orrio, Saigots, Sarasate, Subiza,Tiebas, Torres, Urdaitz \/ Urd\u00e1niz, Urritzola-Galain, Valle de Aranguren, Valle de Esteribar, Valle de Ollo \/ Ollaran, Zariquiegui, Zildotz-Cildoz, Zizur Mayor \/ Zizur Nagusia.<br \/>\nUna fila de pl\u00e1sticos desde Castej\u00f3n a Pamplona<br \/>\nLas entidades locales y asociaciones interesadas pueden solicitar el uso de estas vajillas a trav\u00e9s de un formulario en la p\u00e1gina web de la Oficina de Prevenci\u00f3n e Impulso de la Econom\u00eda Circular del Gobierno de Navarra (https:\/\/oprec-navarra.com) y en MCP (http:\/\/www.mcp.es\/residuos\/solicitud-vasos-reutilizablespara-fiestas-y-eventos). El coste por comensal en ambas entidades es de 1,5 euros y el colectivo solicitante se responsabiliza de posibles roturas o p\u00e9rdidas.<br \/>\nLa fundaci\u00f3n Varazdin se encarga de hacer llegar el material necesario para la realizaci\u00f3n del evento, as\u00ed<br \/>\n2 | 3www.navarra.es &#8211; www.nafarroa.eus<br \/>\ncomo de su recogida, higienizaci\u00f3n y lavado. El centro ubicado en No\u00e1in tiene como objetivo facilitar la inserci\u00f3n socio-laboral de personas con diversidad funcional y que se encuentran en situaci\u00f3n o riesgo de exclusi\u00f3n social.<br \/>\nLa vajilla est\u00e1 compuesta por platos hondos, llanos, cubiertos de acero inoxidable<br \/>\n(cuchara, cucharilla, tenedor y cuchillo), vasos de bebida y caf\u00e9, jarras para agua, boles de ensalada y bandejas. Con el pr\u00e9stamo realizado en lo que va de a\u00f1o 2019 se ha evitado el empleo de medio mill\u00f3n de piezas de pl\u00e1stico de un solo uso, que colocadas en fila hubieran sumado una hilera de m\u00e1s de 80 kil\u00f3metros, el equivalente a la distancia entre Pamplona y Castej\u00f3n.<br \/>\nEl pr\u00e9stamo de este servicio, facilitado a trav\u00e9s del Consorcio de Residuos y la Mancomunidad de la Comarca de Pamplona, abarca al 100% de la poblaci\u00f3n navarra. La vajilla que comparten ambas instituciones fue adquirida inicialmente por el Consorcio en 2018 con 2.000 unidades y un coste de 12.070 euros. Aunque la Mancomunidad de la Comarca de Pamplona ya hab\u00eda implantado esta pr\u00e1ctica en a\u00f1os anteriores a modo experimental, en la primavera de 2018 acord\u00f3 con el Consorcio la unificaci\u00f3n de la oferta aportando nuevas unidades hasta completar las 3.000 actuales.<\/p>\n","protected":false},"excerpt":{"rendered":"<p>La vajilla reutilizable empleada en 336 eventos ha evitado el uso de medio mill\u00f3n de piezas de pl\u00e1stico de usar y tirar Gobierno de Navarra, a trav\u00e9s del Consorcio de Residuos, y Mancomunidad de la Comarca de Pamplona ponen esta vajilla a disposici\u00f3n de entidades y asociaciones para todo tipo de eventos populares. Viernes, 22 de noviembre de 2019 Entre enero y octubre de este a\u00f1o, m\u00e1s de 50.000 personas\u00a0han hecho uso de la vajilla reutilizable que el Gobierno foral, a trav\u00e9s del Consorcio de Residuos de Navarra, y la Mancomunidad de la Comarca de Pamplona han puesto a disposici\u00f3n de las entidades locales. La utilizaci\u00f3n de esta vajilla en eventos populares contribuye a combatir el pl\u00e1stico de un solo uso y ha evitado el menaje que hubiera ascendido a 500.000 piezas de pl\u00e1stico entre vasos, cubiertos, platos, tazas, etc., en tan solo 10 meses. En este sentido, el servicio se anticipa a la futura prohibici\u00f3n de la venta de platos, vasos, tazas, bandejas alimentarias y otros utensilios similares de un solo uso, que se regula en la Ley Foral 14\/2018 de Residuos y su Fiscalidad. El balance de la vajilla reutilizable que se puso en marcha en junio de [&hellip;]<\/p>\n","protected":false},"author":1,"featured_media":16307,"comment_status":"open","ping_status":"open","sticky":false,"template":"","format":"standard","meta":[],"categories":[1],"tags":[],"_links":{"self":[{"href":"https:\/\/www.varazdin.es\/fundacion\/wp-json\/wp\/v2\/posts\/16306"}],"collection":[{"href":"https:\/\/www.varazdin.es\/fundacion\/wp-json\/wp\/v2\/posts"}],"about":[{"href":"https:\/\/www.varazdin.es\/fundacion\/wp-json\/wp\/v2\/types\/post"}],"author":[{"embeddable":true,"href":"https:\/\/www.varazdin.es\/fundacion\/wp-json\/wp\/v2\/users\/1"}],"replies":[{"embeddable":true,"href":"https:\/\/www.varazdin.es\/fundacion\/wp-json\/wp\/v2\/comments?post=16306"}],"version-history":[{"count":1,"href":"https:\/\/www.varazdin.es\/fundacion\/wp-json\/wp\/v2\/posts\/16306\/revisions"}],"predecessor-version":[{"id":16308,"href":"https:\/\/www.varazdin.es\/fundacion\/wp-json\/wp\/v2\/posts\/16306\/revisions\/16308"}],"wp:featuredmedia":[{"embeddable":true,"href":"https:\/\/www.varazdin.es\/fundacion\/wp-json\/wp\/v2\/media\/16307"}],"wp:attachment":[{"href":"https:\/\/www.varazdin.es\/fundacion\/wp-json\/wp\/v2\/media?parent=16306"}],"wp:term":[{"taxonomy":"category","embeddable":true,"href":"https:\/\/www.varazdin.es\/fundacion\/wp-json\/wp\/v2\/categories?post=16306"},{"taxonomy":"post_tag","embeddable":true,"href":"https:\/\/www.varazdin.es\/fundacion\/wp-json\/wp\/v2\/tags?post=16306"}],"curies":[{"name":"wp","href":"https:\/\/api.w.org\/{rel}","templated":true}]}}