{"id":16284,"date":"2019-03-25T07:50:06","date_gmt":"2019-03-25T07:50:06","guid":{"rendered":"http:\/\/www.varazdin.es\/fundacion\/?p=16284"},"modified":"2019-03-25T07:50:06","modified_gmt":"2019-03-25T07:50:06","slug":"osasuna-introduce-el-vaso-reutilizable-en-el-sadar","status":"publish","type":"post","link":"https:\/\/www.varazdin.es\/fundacion\/es\/osasuna-introduce-el-vaso-reutilizable-en-el-sadar\/","title":{"rendered":"Osasuna introduce el vaso reutilizable en El Sadar"},"content":{"rendered":"<p>Osasuna, el Ayuntamiento de Pamplona\/Iru\u00f1a y la Fundaci\u00f3n Varazdin han suscrito un acuerdo por medio del cual, a partir de ahora, en los locales del interior del estadio dejar\u00e1 de facilitarse a los clientes  vasos desechables de un \u00fanico uso y \u00e9stos ser\u00e1n sustituidos por vasos reutilizables.<br \/>\nLa fundaci\u00f3n Varazdin ser\u00e1 la encargada de realizar una gesti\u00f3n integral de \u00e9stos, encarg\u00e1ndose de su fabricaci\u00f3n, traslado al Estadio, recogida de vasija sucia y posterior higienizado para volverlos a poner en uso.<br \/>\nGracias a este acuerdo, las partes implicadas siguen trabajando en favorecer una econom\u00eda socialmente responsable, generando empleo inclusivo y reduciendo los desechos y material pl\u00e1stico que los eventos deportivos generan contribuyendo con ello a reducir la huella ecol\u00f3gica. <\/p>\n","protected":false},"excerpt":{"rendered":"<p>Osasuna, el Ayuntamiento de Pamplona\/Iru\u00f1a y la Fundaci\u00f3n Varazdin han suscrito un acuerdo por medio del cual, a partir de ahora, en los locales del interior del estadio dejar\u00e1 de facilitarse a los clientes vasos desechables de un \u00fanico uso y \u00e9stos ser\u00e1n sustituidos por vasos reutilizables. La fundaci\u00f3n Varazdin ser\u00e1 la encargada de realizar una gesti\u00f3n integral de \u00e9stos, encarg\u00e1ndose de su fabricaci\u00f3n, traslado al Estadio, recogida de vasija sucia y posterior higienizado para volverlos a poner en uso. Gracias a este acuerdo, las partes implicadas siguen trabajando en favorecer una econom\u00eda socialmente responsable, generando empleo inclusivo y reduciendo los desechos y material pl\u00e1stico que los eventos deportivos generan contribuyendo con ello a reducir la huella ecol\u00f3gica.<\/p>\n","protected":false},"author":1,"featured_media":16285,"comment_status":"open","ping_status":"open","sticky":false,"template":"","format":"standard","meta":[],"categories":[1],"tags":[],"_links":{"self":[{"href":"https:\/\/www.varazdin.es\/fundacion\/wp-json\/wp\/v2\/posts\/16284"}],"collection":[{"href":"https:\/\/www.varazdin.es\/fundacion\/wp-json\/wp\/v2\/posts"}],"about":[{"href":"https:\/\/www.varazdin.es\/fundacion\/wp-json\/wp\/v2\/types\/post"}],"author":[{"embeddable":true,"href":"https:\/\/www.varazdin.es\/fundacion\/wp-json\/wp\/v2\/users\/1"}],"replies":[{"embeddable":true,"href":"https:\/\/www.varazdin.es\/fundacion\/wp-json\/wp\/v2\/comments?post=16284"}],"version-history":[{"count":1,"href":"https:\/\/www.varazdin.es\/fundacion\/wp-json\/wp\/v2\/posts\/16284\/revisions"}],"predecessor-version":[{"id":16286,"href":"https:\/\/www.varazdin.es\/fundacion\/wp-json\/wp\/v2\/posts\/16284\/revisions\/16286"}],"wp:featuredmedia":[{"embeddable":true,"href":"https:\/\/www.varazdin.es\/fundacion\/wp-json\/wp\/v2\/media\/16285"}],"wp:attachment":[{"href":"https:\/\/www.varazdin.es\/fundacion\/wp-json\/wp\/v2\/media?parent=16284"}],"wp:term":[{"taxonomy":"category","embeddable":true,"href":"https:\/\/www.varazdin.es\/fundacion\/wp-json\/wp\/v2\/categories?post=16284"},{"taxonomy":"post_tag","embeddable":true,"href":"https:\/\/www.varazdin.es\/fundacion\/wp-json\/wp\/v2\/tags?post=16284"}],"curies":[{"name":"wp","href":"https:\/\/api.w.org\/{rel}","templated":true}]}}