{"id":16276,"date":"2018-11-19T10:40:35","date_gmt":"2018-11-19T10:40:35","guid":{"rendered":"http:\/\/www.varazdin.es\/fundacion\/?p=16276"},"modified":"2018-11-19T10:40:35","modified_gmt":"2018-11-19T10:40:35","slug":"fundacion-varazdin-desarrolla-un-proyecto-de-sensibilizacion-con-escolares-contra-la-aporofobia","status":"publish","type":"post","link":"https:\/\/www.varazdin.es\/fundacion\/es\/fundacion-varazdin-desarrolla-un-proyecto-de-sensibilizacion-con-escolares-contra-la-aporofobia\/","title":{"rendered":"Fundaci\u00f3n Varazdin desarrolla un proyecto de sensibilizaci\u00f3n con escolares contra la aporofobia"},"content":{"rendered":"<p>Fundaci\u00f3n Varazdin ha presentado una nueva iniciativa dirigida a sensibilizar a chicas y chicos de 11 a 14 a\u00f1os  en relaci\u00f3n a la pobreza y que se va a trabajar en el \u00e1mbito escolar. La idea de esta Unidad did\u00e1ctica es promover la empat\u00eda, es decir, que los alumnos y alumnas sean capaces de ponerse en lugar de los otros para romper con los prejuicios negativos que se tienen en torno a la pobreza y \u201cal pobre\u201d. Queremos que el alumnado sea capaz a trav\u00e9s del pensamiento cr\u00edtico y causal de ir \u201cdesmontando\u201d los estereotipos sociales para \u201cmontar\u201d una realidad alternativa en su interior de forma personal.<br \/>\nEsta actividad pretende incidir en el concepto de \u201cAporafobia\u201d o miedo al pobre, este t\u00e9rmino acu\u00f1ado recientemente (fue incluido en el Diccionario de la Lengua espa\u00f1ola en septiembre de 2017) define el miedo hacia la pobreza y hacia las personas pobres. Es la repugnancia y hostilidad ante las personas pobres, sin recursos o desamparadas.<br \/>\nLo que queremos transmitir es que la pobreza es una caracter\u00edstica circunstancial en la vida de los seres humanos y en ning\u00fan caso forma parte de la identidad. La pobreza no es una condici\u00f3n permanente de las personas, sino una situaci\u00f3n indeseable e injusta, que puede cambiar y superarse con una actitud proactiva de la persona pero tambi\u00e9n generando cambios sociales, sistemas econ\u00f3micos m\u00e1s justos y recursos de protecci\u00f3n adecuados.<br \/>\nLa posibilidad de que las personas puedan salir de la situaci\u00f3n de pobreza y abandonar la exclusi\u00f3n social tiene un efecto de culpabilizaci\u00f3n individual de dichas personas haci\u00e9ndolas responsables de su situaci\u00f3n de pobreza, ya que no se tienen en cuenta las circunstancias sociales, pol\u00edticas y\/o econ\u00f3micas que influyen en los procesos de exclusi\u00f3n.<br \/>\nLas creencias y mitos generados en este proceso de culpabilizaci\u00f3n son las ideas que subyacen a la aporofobia (\u00abest\u00e1n en la calle porque quieren\u00bb, \u00abtendr\u00edan que ponerse a trabajar\u00bb, \u00abson unos vagos\u00bb, etc.), y es contra estos argumentos socialmente construidos y transmitidos contra los que queremos concienciar al alumnado.<br \/>\nLo que pretendemos es que las generaciones de nuevos\/as ciudadanos\/as que se incorporan a la sociedad vean a las personas pobres como v\u00edctimas de un sistema injusto y no como culpables absolutas de la situaci\u00f3n que viven. Y de esta manera se sentir\u00e1n part\u00edcipes y actores reales de esta situaci\u00f3n y se implicar\u00e1n en la resoluci\u00f3n de la misma.<br \/>\nPara ello hemos editado una unidad did\u00e1ctica que se va a trabajar en distintos centros escolares. La misma se compone de distintos materiales, que incluyen actividades para trabajar en las clases as\u00ed como un video como material de apoyo. Hasta la fecha son 8 los centros escolares de Pamplona, Tudela, Puente La Reina, Marcilla, Legasa, Abarzuza, y m\u00e1s de 300 escolares los que van a participar en la iniciativa.<br \/>\nEste proyecto ha sido posible gracias a la financiaci\u00f3n de Fundaci\u00f3n Caja Navarra y se han realizado los materiales tanto en castellano como en euskera, termina diciendo Eduardo Jim\u00e9nez Caro, gerente de Fundaci\u00f3n Varazdin.<\/p>\n<p>Enlace v\u00eddeo youtube: https:\/\/youtu.be\/lszIukCwEaw<\/p>\n","protected":false},"excerpt":{"rendered":"<p>Fundaci\u00f3n Varazdin ha presentado una nueva iniciativa dirigida a sensibilizar a chicas y chicos de 11 a 14 a\u00f1os en relaci\u00f3n a la pobreza y que se va a trabajar en el \u00e1mbito escolar. La idea de esta Unidad did\u00e1ctica es promover la empat\u00eda, es decir, que los alumnos y alumnas sean capaces de ponerse en lugar de los otros para romper con los prejuicios negativos que se tienen en torno a la pobreza y \u201cal pobre\u201d. Queremos que el alumnado sea capaz a trav\u00e9s del pensamiento cr\u00edtico y causal de ir \u201cdesmontando\u201d los estereotipos sociales para \u201cmontar\u201d una realidad alternativa en su interior de forma personal. Esta actividad pretende incidir en el concepto de \u201cAporafobia\u201d o miedo al pobre, este t\u00e9rmino acu\u00f1ado recientemente (fue incluido en el Diccionario de la Lengua espa\u00f1ola en septiembre de 2017) define el miedo hacia la pobreza y hacia las personas pobres. Es la repugnancia y hostilidad ante las personas pobres, sin recursos o desamparadas. Lo que queremos transmitir es que la pobreza es una caracter\u00edstica circunstancial en la vida de los seres humanos y en ning\u00fan caso forma parte de la identidad. La pobreza no es una condici\u00f3n permanente de las personas, sino [&hellip;]<\/p>\n","protected":false},"author":1,"featured_media":16277,"comment_status":"open","ping_status":"open","sticky":false,"template":"","format":"standard","meta":[],"categories":[1],"tags":[],"_links":{"self":[{"href":"https:\/\/www.varazdin.es\/fundacion\/wp-json\/wp\/v2\/posts\/16276"}],"collection":[{"href":"https:\/\/www.varazdin.es\/fundacion\/wp-json\/wp\/v2\/posts"}],"about":[{"href":"https:\/\/www.varazdin.es\/fundacion\/wp-json\/wp\/v2\/types\/post"}],"author":[{"embeddable":true,"href":"https:\/\/www.varazdin.es\/fundacion\/wp-json\/wp\/v2\/users\/1"}],"replies":[{"embeddable":true,"href":"https:\/\/www.varazdin.es\/fundacion\/wp-json\/wp\/v2\/comments?post=16276"}],"version-history":[{"count":1,"href":"https:\/\/www.varazdin.es\/fundacion\/wp-json\/wp\/v2\/posts\/16276\/revisions"}],"predecessor-version":[{"id":16278,"href":"https:\/\/www.varazdin.es\/fundacion\/wp-json\/wp\/v2\/posts\/16276\/revisions\/16278"}],"wp:featuredmedia":[{"embeddable":true,"href":"https:\/\/www.varazdin.es\/fundacion\/wp-json\/wp\/v2\/media\/16277"}],"wp:attachment":[{"href":"https:\/\/www.varazdin.es\/fundacion\/wp-json\/wp\/v2\/media?parent=16276"}],"wp:term":[{"taxonomy":"category","embeddable":true,"href":"https:\/\/www.varazdin.es\/fundacion\/wp-json\/wp\/v2\/categories?post=16276"},{"taxonomy":"post_tag","embeddable":true,"href":"https:\/\/www.varazdin.es\/fundacion\/wp-json\/wp\/v2\/tags?post=16276"}],"curies":[{"name":"wp","href":"https:\/\/api.w.org\/{rel}","templated":true}]}}