{"id":16242,"date":"2017-11-03T12:30:20","date_gmt":"2017-11-03T12:30:20","guid":{"rendered":"http:\/\/www.varazdin.es\/fundacion\/?p=16242"},"modified":"2017-11-03T12:33:01","modified_gmt":"2017-11-03T12:33:01","slug":"fundacion-varazdin-reforma-su-vivienda","status":"publish","type":"post","link":"https:\/\/www.varazdin.es\/fundacion\/es\/fundacion-varazdin-reforma-su-vivienda\/","title":{"rendered":"Fundaci\u00f3n Varazdin reforma su vivienda"},"content":{"rendered":"<p>Fundaci\u00f3n Varazdin es una centro de inserci\u00f3n sociolaboral sin \u00e1nimo de lucro reconocida por el Gobierno de Navarra desde el a\u00f1o 2000 que en la actualidad cuenta con una plantilla de cerca de\u00a050 trabajadoras\/es. Nuestro objetivo es facilitar la inserci\u00f3n socio-laboral de personas con diversidad funcional y que se encuentran en situaci\u00f3n o riesgo de exclusi\u00f3n social. Para revertir esta situaci\u00f3n, Fundaci\u00f3n Varazdin desarrolla distintas actividades productivas y presta servicios a Instituciones, empresas y particulares, creando enclaves seguros o unidades de trabajo protegidos.<\/p>\n<p><b>Una de estas actividades que m\u00e1s hemos potenciado en el \u00faltimo a\u00f1o est\u00e1 relacionada con el sector de la construcci\u00f3n. Trabajamos fundamentalmente obras y reformas de pisos y locales. tambi\u00e9n realizamos obra civil. Nuestra plantilla destaca por su profesionalidad y desempe\u00f1o siendo su trabajo muy valorado por nuestros clientes. Bajo la direcci\u00f3n de obra de un arquitecto t\u00e9cnico que coordina a todos los gremios, somos capaces de realizar una reforma integral que incluya distintas actuaciones (alba\u00f1iler\u00eda, alicatados, desescombros, pintura, fontaner\u00eda, electricidad, calefacci\u00f3n, limpiezas de obra, etc), realizando trabajos llave en mano. P\u00eddanos presupuesto!:<\/b><\/p>\n","protected":false},"excerpt":{"rendered":"<p>Fundaci\u00f3n Varazdin es una centro de inserci\u00f3n sociolaboral sin \u00e1nimo de lucro reconocida por el Gobierno de Navarra desde el a\u00f1o 2000 que en la actualidad cuenta con una plantilla de cerca de\u00a050 trabajadoras\/es. Nuestro objetivo es facilitar la inserci\u00f3n socio-laboral de personas con diversidad funcional y que se encuentran en situaci\u00f3n o riesgo de exclusi\u00f3n social. Para revertir esta situaci\u00f3n, Fundaci\u00f3n Varazdin desarrolla distintas actividades productivas y presta servicios a Instituciones, empresas y particulares, creando enclaves seguros o unidades de trabajo protegidos. Una de estas actividades que m\u00e1s hemos potenciado en el \u00faltimo a\u00f1o est\u00e1 relacionada con el sector de la construcci\u00f3n. Trabajamos fundamentalmente obras y reformas de pisos y locales. tambi\u00e9n realizamos obra civil. Nuestra plantilla destaca por su profesionalidad y desempe\u00f1o siendo su trabajo muy valorado por nuestros clientes. Bajo la direcci\u00f3n de obra de un arquitecto t\u00e9cnico que coordina a todos los gremios, somos capaces de realizar una reforma integral que incluya distintas actuaciones (alba\u00f1iler\u00eda, alicatados, desescombros, pintura, fontaner\u00eda, electricidad, calefacci\u00f3n, limpiezas de obra, etc), realizando trabajos llave en mano. P\u00eddanos presupuesto!:<\/p>\n","protected":false},"author":1,"featured_media":16213,"comment_status":"open","ping_status":"open","sticky":false,"template":"","format":"standard","meta":[],"categories":[1],"tags":[],"_links":{"self":[{"href":"https:\/\/www.varazdin.es\/fundacion\/wp-json\/wp\/v2\/posts\/16242"}],"collection":[{"href":"https:\/\/www.varazdin.es\/fundacion\/wp-json\/wp\/v2\/posts"}],"about":[{"href":"https:\/\/www.varazdin.es\/fundacion\/wp-json\/wp\/v2\/types\/post"}],"author":[{"embeddable":true,"href":"https:\/\/www.varazdin.es\/fundacion\/wp-json\/wp\/v2\/users\/1"}],"replies":[{"embeddable":true,"href":"https:\/\/www.varazdin.es\/fundacion\/wp-json\/wp\/v2\/comments?post=16242"}],"version-history":[{"count":1,"href":"https:\/\/www.varazdin.es\/fundacion\/wp-json\/wp\/v2\/posts\/16242\/revisions"}],"predecessor-version":[{"id":16243,"href":"https:\/\/www.varazdin.es\/fundacion\/wp-json\/wp\/v2\/posts\/16242\/revisions\/16243"}],"wp:featuredmedia":[{"embeddable":true,"href":"https:\/\/www.varazdin.es\/fundacion\/wp-json\/wp\/v2\/media\/16213"}],"wp:attachment":[{"href":"https:\/\/www.varazdin.es\/fundacion\/wp-json\/wp\/v2\/media?parent=16242"}],"wp:term":[{"taxonomy":"category","embeddable":true,"href":"https:\/\/www.varazdin.es\/fundacion\/wp-json\/wp\/v2\/categories?post=16242"},{"taxonomy":"post_tag","embeddable":true,"href":"https:\/\/www.varazdin.es\/fundacion\/wp-json\/wp\/v2\/tags?post=16242"}],"curies":[{"name":"wp","href":"https:\/\/api.w.org\/{rel}","templated":true}]}}