{"id":16237,"date":"2017-06-19T06:11:45","date_gmt":"2017-06-19T06:11:45","guid":{"rendered":"http:\/\/www.varazdin.es\/fundacion\/?p=16237"},"modified":"2017-06-19T06:11:45","modified_gmt":"2017-06-19T06:11:45","slug":"reconocimiento-institucional-a-fundacion-varazdin-por-su-trabajo-en-la-insercion-laboral-de-personas-en-exclusion","status":"publish","type":"post","link":"https:\/\/www.varazdin.es\/fundacion\/es\/reconocimiento-institucional-a-fundacion-varazdin-por-su-trabajo-en-la-insercion-laboral-de-personas-en-exclusion\/","title":{"rendered":"Reconocimiento institucional a Fundaci\u00f3n Varazdin por su trabajo en la inserci\u00f3n laboral de personas en exclusi\u00f3n"},"content":{"rendered":"<p>El 9 de junio en el sal\u00f3n del Trono de Diputaci\u00f3n, Ayuntamiento de Pamplona\/Iru\u00f1a y Gobierno de Navarra reconocieron a la Fundaci\u00f3n Varazdin por su labor y colaboraci\u00f3n con los equipos de incorporaci\u00f3n sociolaboral (EISOL) en los procesos de intervenci\u00f3n sociolaboral con personas en exclusi\u00f3n social. En la foto, el gerente de la Fundaci\u00f3n, Eduardo Jim\u00e9nez Caro, recoge el diploma acreditativo en presencia del Vicepresidente de Derechos Sociales del Gobierno de Navarra, D. Miguel Laparra Navarro y de la Concejala Delegada de Bienestar Social del Ayuntamiento de Pamplona\/Iru\u00f1a, D\u00f1a. Edurne Egino y los representantes del Eisol.<\/p>\n","protected":false},"excerpt":{"rendered":"<p>El 9 de junio en el sal\u00f3n del Trono de Diputaci\u00f3n, Ayuntamiento de Pamplona\/Iru\u00f1a y Gobierno de Navarra reconocieron a la Fundaci\u00f3n Varazdin por su labor y colaboraci\u00f3n con los equipos de incorporaci\u00f3n sociolaboral (EISOL) en los procesos de intervenci\u00f3n sociolaboral con personas en exclusi\u00f3n social. En la foto, el gerente de la Fundaci\u00f3n, Eduardo Jim\u00e9nez Caro, recoge el diploma acreditativo en presencia del Vicepresidente de Derechos Sociales del Gobierno de Navarra, D. Miguel Laparra Navarro y de la Concejala Delegada de Bienestar Social del Ayuntamiento de Pamplona\/Iru\u00f1a, D\u00f1a. Edurne Egino y los representantes del Eisol.<\/p>\n","protected":false},"author":1,"featured_media":16238,"comment_status":"open","ping_status":"open","sticky":false,"template":"","format":"standard","meta":[],"categories":[1],"tags":[],"_links":{"self":[{"href":"https:\/\/www.varazdin.es\/fundacion\/wp-json\/wp\/v2\/posts\/16237"}],"collection":[{"href":"https:\/\/www.varazdin.es\/fundacion\/wp-json\/wp\/v2\/posts"}],"about":[{"href":"https:\/\/www.varazdin.es\/fundacion\/wp-json\/wp\/v2\/types\/post"}],"author":[{"embeddable":true,"href":"https:\/\/www.varazdin.es\/fundacion\/wp-json\/wp\/v2\/users\/1"}],"replies":[{"embeddable":true,"href":"https:\/\/www.varazdin.es\/fundacion\/wp-json\/wp\/v2\/comments?post=16237"}],"version-history":[{"count":1,"href":"https:\/\/www.varazdin.es\/fundacion\/wp-json\/wp\/v2\/posts\/16237\/revisions"}],"predecessor-version":[{"id":16239,"href":"https:\/\/www.varazdin.es\/fundacion\/wp-json\/wp\/v2\/posts\/16237\/revisions\/16239"}],"wp:featuredmedia":[{"embeddable":true,"href":"https:\/\/www.varazdin.es\/fundacion\/wp-json\/wp\/v2\/media\/16238"}],"wp:attachment":[{"href":"https:\/\/www.varazdin.es\/fundacion\/wp-json\/wp\/v2\/media?parent=16237"}],"wp:term":[{"taxonomy":"category","embeddable":true,"href":"https:\/\/www.varazdin.es\/fundacion\/wp-json\/wp\/v2\/categories?post=16237"},{"taxonomy":"post_tag","embeddable":true,"href":"https:\/\/www.varazdin.es\/fundacion\/wp-json\/wp\/v2\/tags?post=16237"}],"curies":[{"name":"wp","href":"https:\/\/api.w.org\/{rel}","templated":true}]}}