{"id":16233,"date":"2017-06-09T13:02:44","date_gmt":"2017-06-09T13:02:44","guid":{"rendered":"http:\/\/www.varazdin.es\/fundacion\/?p=16233"},"modified":"2017-06-09T13:02:44","modified_gmt":"2017-06-09T13:02:44","slug":"fundacion-varazdin-lavara-los-vasos-reutilizables-de-san-fermin-2017","status":"publish","type":"post","link":"https:\/\/www.varazdin.es\/fundacion\/es\/fundacion-varazdin-lavara-los-vasos-reutilizables-de-san-fermin-2017\/","title":{"rendered":"Fundaci\u00f3n Varazdin lavar\u00e1 los vasos reutilizables de SAN FERMIN 2017"},"content":{"rendered":"<p>El Ayuntamiento de Pamplona\u00a0encarga a Fundaci\u00f3n Varazdin la limpieza de los vasos reutilizables para las pr\u00f3ximas fiestas de San Fermin 2017<!-- Google Analytics Tracking --><script type=\"text\/javascript\">\/\/ <![CDATA[\n  var _gaq = _gaq || [];\n  _gaq.push(['_setAccount', 'UA-39457116-1']);\n  _gaq.push(['_setDomainName', 'noticiasdenavarra.com']);\n  _gaq.push(['_trackPageview']);\n  _gaq.push(['_setSiteSpeedSampleRate', 5]);\n \n  (function() {\n    var ga = document.createElement('script'); ga.type = 'text\/javascript'; ga.async = true;\n    ga.src = ('https:' == document.location.protocol ? 'https:\/\/ssl' : 'http:\/\/www') + '.google-analytics.com\/ga.js';\n    var s = document.getElementsByTagName('script')[0]; s.parentNode.insertBefore(ga, s);\n  })();\n\/\/ ]]><\/script><!-- Start GPT Async --><script type=\"text\/javascript\">\/\/ <![CDATA[\n\tvar gptadslots=[];\n\tvar googletag = googletag || {};\n\tgoogletag.cmd = googletag.cmd || [];\n\t(function(){ var gads = document.createElement('script');\n\t\tgads.async = true; gads.type = 'text\/javascript';\n\t\tvar useSSL = 'https:' == document.location.protocol;\n\t\tgads.src = (useSSL ? 'https:' : 'http:') + '\/\/www.googletagservices.com\/tag\/js\/gpt.js';\n\t\tvar node = document.getElementsByTagName('script')[0];\n\t\tnode.parentNode.insertBefore(gads, node);\n\t})();\n\/\/ ]]><\/script><script type=\"text\/javascript\">\/\/ <![CDATA[\n\tgoogletag.cmd.push(function() {\n\n\t\t\/\/Adslot oop declaration\n\t\tgptadslots[0] = googletag.defineOutOfPageSlot('\/47143003\/noticiasdenavarra\/home', 'div-gpt-ad-649377343107193865-oop').addService(googletag.pubads());\n\n\t\tgoogletag.pubads().enableSingleRequest();\n\t\tgoogletag.pubads().enableAsyncRendering();\n\t\tgoogletag.enableServices();\n\t});\n\/\/ ]]><\/script><!-- End GPT --><script src=\"\/\/noticiasdenavarra.disqus.com\/count.js\" async=\"\" type=\"text\/javascript\"><\/script><script src=\"https:\/\/platform.twitter.com\/js\/button.b731e6c82269f70f6fc53634e044a4c6.js\" async=\"\" type=\"text\/javascript\" charset=\"utf-8\"><\/script><\/p>\n<div id=\"Estructura\" class=\"Vecinos ConPublicidad\">\n<div class=\"Contenedor extra\">\n<div id=\"SaltarAlContenido\" class=\"Contenido\">\n<div class=\"ContenedorColumnas\">\n<div class=\"Cuatro Columna\">\n<div class=\"NoticiaFicha \">\n<div class=\"Texto\">\n<p>&nbsp;<\/p>\n<div class=\"Titulares Izda\"><\/div>\n<p>El concejal delegado de Ecolog\u00eda Urbana y Movilidad, <b>Armando Cuenca<\/b>, la directora del \u00e1rea, <b>Camino Jaso<\/b> y la teniente de alcalde de Desarrollo Sostenible y Estrategias Urbanas del Ayuntamiento de Baiona, <b>Martine Bisauta<\/b>, han presentado la iniciativa para San Ferm\u00edn y han compartido la experiencia de la localidad francesa, que implement\u00f3 este sistema en 2011. Seg\u00fan han estimado, el uso de esos 150.000 vasos supondr\u00eda <b>evitar la emisi\u00f3n de 0,9 toneladas de CO2 a la atm\u00f3sfera<\/b>, un ahorro en <b>limpieza <\/b>y una mejora en la <b>imagen <\/b>de la ciudad durante fiestas.<\/p>\n<p>Por el momento, han confirmado su participaci\u00f3n en esta iniciativa <b>establecimientos del Casco Viejo, como el Zentral, Baserriberri, Niza, Katakrak o el Vallado<\/b>, aunque a\u00fan no se ha cerrado definitivamente la lista de inscritos.<\/p>\n<p>Asimismo, el vaso reutilizable se usar\u00e1 en espacios y recintos cedidos por el Ayuntamiento o con programaci\u00f3n festiva como la <b>Plaza de Toros<\/b>, el recinto ferial del<b> parque del Runa, el front\u00f3n Labrit, la plaza de los Fueros, las Casas Regionales<\/b> o en los espacios gestionados por colectivos como el que se habilitar\u00e1 en <b>Antoniutti<\/b>. A ellos se sumar\u00e1n aquellos espacios sociales o bares no adheridos propiamente a la campa\u00f1a municipal, pero que cuentan con un sistema propio.<\/p>\n<div class=\"Titulares Izda\">\n<div>\n<p class=\"Ultimo\"><b><\/b> El sistema es totalmente gratuito para aquellos establecimientos o colectivos que lo soliciten. El Ayuntamiento les entregar\u00e1 los vasos reutilizables que se estimen. Cada d\u00eda se les recoger\u00e1n los vasos sucios y se repondr\u00e1 con limpios. El lavado de esos vasos se realizar\u00e1 diariamente en las instalaciones de la Fundaci\u00f3n <b>Varazdin<\/b>, que emplea a personas en exclusi\u00f3n social. Se prev\u00e9 lavar cada d\u00eda de fiestas m\u00e1s de 7.200 vasos reutilizables\/hora y, para ello, se dar\u00e1 empleo a doce personas. El Ayuntamiento pagar\u00e1 la limpieza de hasta 800.000 vasos como impulso inicial a este proyecto, con un gasto m\u00e1ximo que se calcula en torno a los 50.000 euros.<\/p>\n<\/div>\n<\/div>\n<p>&nbsp;<\/p>\n<p>&nbsp;<\/p>\n<\/div>\n<\/div>\n<\/div>\n<\/div>\n<\/div>\n<\/div>\n<\/div>\n","protected":false},"excerpt":{"rendered":"<p>El Ayuntamiento de Pamplona\u00a0encarga a Fundaci\u00f3n Varazdin la limpieza de los vasos reutilizables para las pr\u00f3ximas fiestas de San Fermin 2017 &nbsp; El concejal delegado de Ecolog\u00eda Urbana y Movilidad, Armando Cuenca, la directora del \u00e1rea, Camino Jaso y la teniente de alcalde de Desarrollo Sostenible y Estrategias Urbanas del Ayuntamiento de Baiona, Martine Bisauta, han presentado la iniciativa para San Ferm\u00edn y han compartido la experiencia de la localidad francesa, que implement\u00f3 este sistema en 2011. Seg\u00fan han estimado, el uso de esos 150.000 vasos supondr\u00eda evitar la emisi\u00f3n de 0,9 toneladas de CO2 a la atm\u00f3sfera, un ahorro en limpieza y una mejora en la imagen de la ciudad durante fiestas. Por el momento, han confirmado su participaci\u00f3n en esta iniciativa establecimientos del Casco Viejo, como el Zentral, Baserriberri, Niza, Katakrak o el Vallado, aunque a\u00fan no se ha cerrado definitivamente la lista de inscritos. Asimismo, el vaso reutilizable se usar\u00e1 en espacios y recintos cedidos por el Ayuntamiento o con programaci\u00f3n festiva como la Plaza de Toros, el recinto ferial del parque del Runa, el front\u00f3n Labrit, la plaza de los Fueros, las Casas Regionales o en los espacios gestionados por colectivos como el que se habilitar\u00e1 [&hellip;]<\/p>\n","protected":false},"author":1,"featured_media":16234,"comment_status":"open","ping_status":"open","sticky":false,"template":"","format":"standard","meta":[],"categories":[1],"tags":[],"_links":{"self":[{"href":"https:\/\/www.varazdin.es\/fundacion\/wp-json\/wp\/v2\/posts\/16233"}],"collection":[{"href":"https:\/\/www.varazdin.es\/fundacion\/wp-json\/wp\/v2\/posts"}],"about":[{"href":"https:\/\/www.varazdin.es\/fundacion\/wp-json\/wp\/v2\/types\/post"}],"author":[{"embeddable":true,"href":"https:\/\/www.varazdin.es\/fundacion\/wp-json\/wp\/v2\/users\/1"}],"replies":[{"embeddable":true,"href":"https:\/\/www.varazdin.es\/fundacion\/wp-json\/wp\/v2\/comments?post=16233"}],"version-history":[{"count":1,"href":"https:\/\/www.varazdin.es\/fundacion\/wp-json\/wp\/v2\/posts\/16233\/revisions"}],"predecessor-version":[{"id":16235,"href":"https:\/\/www.varazdin.es\/fundacion\/wp-json\/wp\/v2\/posts\/16233\/revisions\/16235"}],"wp:featuredmedia":[{"embeddable":true,"href":"https:\/\/www.varazdin.es\/fundacion\/wp-json\/wp\/v2\/media\/16234"}],"wp:attachment":[{"href":"https:\/\/www.varazdin.es\/fundacion\/wp-json\/wp\/v2\/media?parent=16233"}],"wp:term":[{"taxonomy":"category","embeddable":true,"href":"https:\/\/www.varazdin.es\/fundacion\/wp-json\/wp\/v2\/categories?post=16233"},{"taxonomy":"post_tag","embeddable":true,"href":"https:\/\/www.varazdin.es\/fundacion\/wp-json\/wp\/v2\/tags?post=16233"}],"curies":[{"name":"wp","href":"https:\/\/api.w.org\/{rel}","templated":true}]}}