{"id":16227,"date":"2017-05-23T12:00:34","date_gmt":"2017-05-23T12:00:34","guid":{"rendered":"http:\/\/www.varazdin.es\/fundacion\/?p=16227"},"modified":"2017-05-23T12:01:46","modified_gmt":"2017-05-23T12:01:46","slug":"16227-2","status":"publish","type":"post","link":"https:\/\/www.varazdin.es\/fundacion\/es\/16227-2\/","title":{"rendered":"FUNDACI\u00d3N VARAZDIN PARTICIPA EN EL RETO SOLIDARIO"},"content":{"rendered":"<h1>SUMA TU ESFUERZO A FAVOR DE LA FUNDACI\u00d3N VARAZDIN<\/h1>\n<p>&nbsp;<\/p>\n<p>Ya ha comenzado el desaf\u00edo\u2026<\/p>\n<p>\u00a1S\u00famate!<\/p>\n<p>Desde <strong>FUNDACION VARAZDIN, <\/strong>junto con otras organizaciones sociales de Navarra, nos volvemos a sumar al <strong>Reto Solidario Fundaci\u00f3n Diario de Navarra-Obra social \u00abla Caixa\u00bb que acaba de comenzar. <\/strong>Se trata de una liga competitiva de empresas que conjuga la promoci\u00f3n de la actividad f\u00edsica y los h\u00e1bitos de vida saludables con la solidaridad.<strong> \u00a0<\/strong>Si en el transcurso del desaf\u00edo (20 semanas) entre todos los participantes sumamos un kil\u00f3metro solidario por cada navarro y navarra, hasta un total de <strong>640.647 km,<\/strong> las empresas participantes activar\u00e1n importantes donaciones para la causa social a la que sus empleados quieran dedicar su esfuerzo.<\/p>\n<p><strong>Necesitamos tus pasos, los de tu familia y los de tus amigos: <\/strong>para ayudar a los empleados de las empresas participantes, todo esfuerzo suma, ya sea andando, corriendo, nadando, yendo en bici\u2026.<\/p>\n<p>Te puedes apuntar de dos maneras:<\/p>\n<p>Si el a\u00f1o pasado ya participaste en el Reto solidario, entra en <a href=\"https:\/\/www.wefitter.com\/login\/fdn\">https:\/\/www.wefitter.com\/login\/fdn<\/a>, elige FUNDACION VARAZDIN, introduce tu email y contrase\u00f1a y pincha en Log in con email. En el desplegable \u00a0de \u2018Elige la empresa o colectivo al que perteneces\u2019, selecciona \u2018Otros participantes\u2019.<\/p>\n<p>Si te apuntas por primera vez, tienes que entrar en la web <a href=\"http:\/\/www.fundaciondn.org\">www.fundaciondn.org<\/a>\/reto . Una vez all\u00ed, clicas en el banner azul que pone \u2018Comienza un nuevo reto para el que necesitamos tu ayuda\u2019.<\/p>\n<p>A continuaci\u00f3n, pincha en el bot\u00f3n \u2018\u00daNETE AHORA\u2019 y elige FUNDACION VARAZDIN. Tendr\u00e1s que escribir tu correo electr\u00f3nico con una contrase\u00f1a, y posteriormente en el desplegable de \u2018Elige la empresa o colectivo al que perteneces\u2019, elegir \u2018Otros participantes\u2019.<\/p>\n<p>Ahora podr\u00e1s conectar tu m\u00f3vil con cualquiera de las 16 apps disponibles\u2026 \u00a0\u00a1Y ya puedes comenzar a sumar kil\u00f3metros!<\/p>\n<p>&nbsp;<\/p>\n","protected":false},"excerpt":{"rendered":"<p>SUMA TU ESFUERZO A FAVOR DE LA FUNDACI\u00d3N VARAZDIN &nbsp; Ya ha comenzado el desaf\u00edo\u2026 \u00a1S\u00famate! Desde FUNDACION VARAZDIN, junto con otras organizaciones sociales de Navarra, nos volvemos a sumar al Reto Solidario Fundaci\u00f3n Diario de Navarra-Obra social \u00abla Caixa\u00bb que acaba de comenzar. Se trata de una liga competitiva de empresas que conjuga la promoci\u00f3n de la actividad f\u00edsica y los h\u00e1bitos de vida saludables con la solidaridad. \u00a0Si en el transcurso del desaf\u00edo (20 semanas) entre todos los participantes sumamos un kil\u00f3metro solidario por cada navarro y navarra, hasta un total de 640.647 km, las empresas participantes activar\u00e1n importantes donaciones para la causa social a la que sus empleados quieran dedicar su esfuerzo. Necesitamos tus pasos, los de tu familia y los de tus amigos: para ayudar a los empleados de las empresas participantes, todo esfuerzo suma, ya sea andando, corriendo, nadando, yendo en bici\u2026. Te puedes apuntar de dos maneras: Si el a\u00f1o pasado ya participaste en el Reto solidario, entra en https:\/\/www.wefitter.com\/login\/fdn, elige FUNDACION VARAZDIN, introduce tu email y contrase\u00f1a y pincha en Log in con email. En el desplegable \u00a0de \u2018Elige la empresa o colectivo al que perteneces\u2019, selecciona \u2018Otros participantes\u2019. Si te apuntas por [&hellip;]<\/p>\n","protected":false},"author":1,"featured_media":16228,"comment_status":"open","ping_status":"open","sticky":false,"template":"","format":"standard","meta":[],"categories":[1],"tags":[],"_links":{"self":[{"href":"https:\/\/www.varazdin.es\/fundacion\/wp-json\/wp\/v2\/posts\/16227"}],"collection":[{"href":"https:\/\/www.varazdin.es\/fundacion\/wp-json\/wp\/v2\/posts"}],"about":[{"href":"https:\/\/www.varazdin.es\/fundacion\/wp-json\/wp\/v2\/types\/post"}],"author":[{"embeddable":true,"href":"https:\/\/www.varazdin.es\/fundacion\/wp-json\/wp\/v2\/users\/1"}],"replies":[{"embeddable":true,"href":"https:\/\/www.varazdin.es\/fundacion\/wp-json\/wp\/v2\/comments?post=16227"}],"version-history":[{"count":3,"href":"https:\/\/www.varazdin.es\/fundacion\/wp-json\/wp\/v2\/posts\/16227\/revisions"}],"predecessor-version":[{"id":16231,"href":"https:\/\/www.varazdin.es\/fundacion\/wp-json\/wp\/v2\/posts\/16227\/revisions\/16231"}],"wp:featuredmedia":[{"embeddable":true,"href":"https:\/\/www.varazdin.es\/fundacion\/wp-json\/wp\/v2\/media\/16228"}],"wp:attachment":[{"href":"https:\/\/www.varazdin.es\/fundacion\/wp-json\/wp\/v2\/media?parent=16227"}],"wp:term":[{"taxonomy":"category","embeddable":true,"href":"https:\/\/www.varazdin.es\/fundacion\/wp-json\/wp\/v2\/categories?post=16227"},{"taxonomy":"post_tag","embeddable":true,"href":"https:\/\/www.varazdin.es\/fundacion\/wp-json\/wp\/v2\/tags?post=16227"}],"curies":[{"name":"wp","href":"https:\/\/api.w.org\/{rel}","templated":true}]}}