{"id":16206,"date":"2017-04-27T18:37:41","date_gmt":"2017-04-27T18:37:41","guid":{"rendered":"http:\/\/www.varazdin.es\/fundacion\/?p=16206"},"modified":"2017-04-27T18:37:41","modified_gmt":"2017-04-27T18:37:41","slug":"la-fundacion-varazdin-donara-la-burrita-platera-al-pueblo-de-noain","status":"publish","type":"post","link":"https:\/\/www.varazdin.es\/fundacion\/es\/la-fundacion-varazdin-donara-la-burrita-platera-al-pueblo-de-noain\/","title":{"rendered":"la Fundaci\u00f3n Varazdin donar\u00e1 la burrita platera al pueblo de Noain"},"content":{"rendered":"<p><strong>\u00a0<\/strong><\/p>\n<p>A trav\u00e9s de esta nota de prensa, Fundaci\u00f3n Varazdin hace p\u00fablica su intenci\u00f3n de donar la burrita \u201cplatera\u201d, que actualmente se encuentra emplazada en el parque de los Sentidos al pueblo de Noain en se\u00f1al de agradecimiento por los 6 a\u00f1os que hemos compartido con las vecinas y vecinos de la localidad mientras nos hemos encargado de la gesti\u00f3n de \u201cLorenea\u201d. En este lugar, la Fundaci\u00f3n Varazdin ha generado distintas actividades en favor de la inclusi\u00f3n de personas en exclusi\u00f3n social (parados de larga duraci\u00f3n, mayores de 50 a\u00f1os, o personas con discapacidad no reconocida, etc\u2026.) proporcion\u00e1ndoles unos ingresos a trav\u00e9s del desarrollo de un trabajo. Dicha labor ha recibido varios reconocimientos y premios. Pero esta etapa por razones de \u00edndole econ\u00f3mica ha llegado a su fin y de com\u00fan acuerdo acordamos el pasado 18 de enero dar por finalizada nuestra vinculaci\u00f3n con el Ayuntamiento de Noain para la gesti\u00f3n de Lorenea.<\/p>\n<p>Hoy, la burrita es un s\u00edmbolo muy querido en Noain y es nuestra intenci\u00f3n que as\u00ed siga si\u00e9ndolo durante muchos a\u00f1os. \u00a0<em>Es una gozada ver como grandes y peque\u00f1os se acercan a diario a disfrutar de ella, y ella de ellos y as\u00ed nos lo han hecho saber tanto p\u00fablica como privadamente y est\u00e1 en nuestra voluntad satisfacer esa petici\u00f3n<\/em> comenta Eduardo Jim\u00e9nez Caro, gerente de la Fundaci\u00f3n.<\/p>\n<p><em>Y es que, la burrita se encuentra en un emplazamiento formidable, unas instalaciones \u00fanicas, en una parcela extensa con abundante pasto y cuenta con un establo y box muy amplio y confortable en el que actualmente no le falta cuidado ni cari\u00f1o. Hasta la fecha, personal de la Fundaci\u00f3n ha realizado la limpieza del establo, cambiado la paja y no le ha faltado agua ni alimento. Adem\u00e1s, ha contado con la supervisi\u00f3n de un facultativo (veterinario) que realizaba las labores de vigilancia de la salud<\/em>. De manera conjunta con algunos vecinos\/as se ampli\u00f3 el mayor tiempo posible su estancia no estabulada siendo esto una muestra del trabajo comunitario que siempre ha sido un valor que se ha potenciado en este enclave.<\/p>\n<p>Esperamos que el Ayuntamiento como representante acepte esta donaci\u00f3n y los vecinos y vecinas de la localidad puedan seguir disfrutando de la compa\u00f1\u00eda de \u201cPlatera\u201d. Hab\u00edamos barajado distintos escenarios para reubicar la burrita en caso de que el Ayuntamiento no considerara la permanencia de la burrita, incluso solicitado los consiguientes permisos para su traslado pero finalmente creemos que es esta es la mejor opci\u00f3n.<\/p>\n","protected":false},"excerpt":{"rendered":"<p>\u00a0 A trav\u00e9s de esta nota de prensa, Fundaci\u00f3n Varazdin hace p\u00fablica su intenci\u00f3n de donar la burrita \u201cplatera\u201d, que actualmente se encuentra emplazada en el parque de los Sentidos al pueblo de Noain en se\u00f1al de agradecimiento por los 6 a\u00f1os que hemos compartido con las vecinas y vecinos de la localidad mientras nos hemos encargado de la gesti\u00f3n de \u201cLorenea\u201d. En este lugar, la Fundaci\u00f3n Varazdin ha generado distintas actividades en favor de la inclusi\u00f3n de personas en exclusi\u00f3n social (parados de larga duraci\u00f3n, mayores de 50 a\u00f1os, o personas con discapacidad no reconocida, etc\u2026.) proporcion\u00e1ndoles unos ingresos a trav\u00e9s del desarrollo de un trabajo. Dicha labor ha recibido varios reconocimientos y premios. Pero esta etapa por razones de \u00edndole econ\u00f3mica ha llegado a su fin y de com\u00fan acuerdo acordamos el pasado 18 de enero dar por finalizada nuestra vinculaci\u00f3n con el Ayuntamiento de Noain para la gesti\u00f3n de Lorenea. Hoy, la burrita es un s\u00edmbolo muy querido en Noain y es nuestra intenci\u00f3n que as\u00ed siga si\u00e9ndolo durante muchos a\u00f1os. \u00a0Es una gozada ver como grandes y peque\u00f1os se acercan a diario a disfrutar de ella, y ella de ellos y as\u00ed nos lo han hecho [&hellip;]<\/p>\n","protected":false},"author":1,"featured_media":16207,"comment_status":"open","ping_status":"open","sticky":false,"template":"","format":"standard","meta":[],"categories":[1],"tags":[],"_links":{"self":[{"href":"https:\/\/www.varazdin.es\/fundacion\/wp-json\/wp\/v2\/posts\/16206"}],"collection":[{"href":"https:\/\/www.varazdin.es\/fundacion\/wp-json\/wp\/v2\/posts"}],"about":[{"href":"https:\/\/www.varazdin.es\/fundacion\/wp-json\/wp\/v2\/types\/post"}],"author":[{"embeddable":true,"href":"https:\/\/www.varazdin.es\/fundacion\/wp-json\/wp\/v2\/users\/1"}],"replies":[{"embeddable":true,"href":"https:\/\/www.varazdin.es\/fundacion\/wp-json\/wp\/v2\/comments?post=16206"}],"version-history":[{"count":1,"href":"https:\/\/www.varazdin.es\/fundacion\/wp-json\/wp\/v2\/posts\/16206\/revisions"}],"predecessor-version":[{"id":16208,"href":"https:\/\/www.varazdin.es\/fundacion\/wp-json\/wp\/v2\/posts\/16206\/revisions\/16208"}],"wp:featuredmedia":[{"embeddable":true,"href":"https:\/\/www.varazdin.es\/fundacion\/wp-json\/wp\/v2\/media\/16207"}],"wp:attachment":[{"href":"https:\/\/www.varazdin.es\/fundacion\/wp-json\/wp\/v2\/media?parent=16206"}],"wp:term":[{"taxonomy":"category","embeddable":true,"href":"https:\/\/www.varazdin.es\/fundacion\/wp-json\/wp\/v2\/categories?post=16206"},{"taxonomy":"post_tag","embeddable":true,"href":"https:\/\/www.varazdin.es\/fundacion\/wp-json\/wp\/v2\/tags?post=16206"}],"curies":[{"name":"wp","href":"https:\/\/api.w.org\/{rel}","templated":true}]}}