{"id":16203,"date":"2017-04-19T06:35:56","date_gmt":"2017-04-19T06:35:56","guid":{"rendered":"http:\/\/www.varazdin.es\/fundacion\/?p=16203"},"modified":"2017-04-19T06:35:56","modified_gmt":"2017-04-19T06:35:56","slug":"varazdin-realiza-la-limpieza-del-polideportivo-y-del-fronton-de-la-ultzama","status":"publish","type":"post","link":"https:\/\/www.varazdin.es\/fundacion\/es\/varazdin-realiza-la-limpieza-del-polideportivo-y-del-fronton-de-la-ultzama\/","title":{"rendered":"Varazdin realiza la limpieza del polideportivo y del front\u00f3n de la Ultzama"},"content":{"rendered":"<p>Desde el 1 de abril Fundaci\u00f3n Varazdin se encarga de realizar la limpieza del Polideportivo y del Fronton del Valle de la Ultzama. El Ayuntamiento licit\u00f3 este servicio bajo la f\u00f3rmula de reserva recogida en el art\u00edculo 9 de la Ley de contratos p\u00fablicos por lo que el mismo sali\u00f3 a concurso restringido para Centros Especiales de Empleo y Empresas de Inserci\u00f3n Social. Fundaci\u00f3n Varazdin result\u00f3 adjudicataria y prestar\u00e1 el servicio en el ejercicio presente. Gracias a esta contrata 2 personas en exclusi\u00f3n social diariamente realizar\u00e1n los trabajos encomendados. Desde aqu\u00ed animamos a las Entidades Locales a licitar m\u00e1s servicios bajo esta f\u00f3rmula promocionando con ello el empleo inclusivo.<\/p>\n","protected":false},"excerpt":{"rendered":"<p>Desde el 1 de abril Fundaci\u00f3n Varazdin se encarga de realizar la limpieza del Polideportivo y del Fronton del Valle de la Ultzama. El Ayuntamiento licit\u00f3 este servicio bajo la f\u00f3rmula de reserva recogida en el art\u00edculo 9 de la Ley de contratos p\u00fablicos por lo que el mismo sali\u00f3 a concurso restringido para Centros Especiales de Empleo y Empresas de Inserci\u00f3n Social. Fundaci\u00f3n Varazdin result\u00f3 adjudicataria y prestar\u00e1 el servicio en el ejercicio presente. Gracias a esta contrata 2 personas en exclusi\u00f3n social diariamente realizar\u00e1n los trabajos encomendados. Desde aqu\u00ed animamos a las Entidades Locales a licitar m\u00e1s servicios bajo esta f\u00f3rmula promocionando con ello el empleo inclusivo.<\/p>\n","protected":false},"author":1,"featured_media":15408,"comment_status":"open","ping_status":"open","sticky":false,"template":"","format":"standard","meta":[],"categories":[1],"tags":[],"_links":{"self":[{"href":"https:\/\/www.varazdin.es\/fundacion\/wp-json\/wp\/v2\/posts\/16203"}],"collection":[{"href":"https:\/\/www.varazdin.es\/fundacion\/wp-json\/wp\/v2\/posts"}],"about":[{"href":"https:\/\/www.varazdin.es\/fundacion\/wp-json\/wp\/v2\/types\/post"}],"author":[{"embeddable":true,"href":"https:\/\/www.varazdin.es\/fundacion\/wp-json\/wp\/v2\/users\/1"}],"replies":[{"embeddable":true,"href":"https:\/\/www.varazdin.es\/fundacion\/wp-json\/wp\/v2\/comments?post=16203"}],"version-history":[{"count":1,"href":"https:\/\/www.varazdin.es\/fundacion\/wp-json\/wp\/v2\/posts\/16203\/revisions"}],"predecessor-version":[{"id":16204,"href":"https:\/\/www.varazdin.es\/fundacion\/wp-json\/wp\/v2\/posts\/16203\/revisions\/16204"}],"wp:featuredmedia":[{"embeddable":true,"href":"https:\/\/www.varazdin.es\/fundacion\/wp-json\/wp\/v2\/media\/15408"}],"wp:attachment":[{"href":"https:\/\/www.varazdin.es\/fundacion\/wp-json\/wp\/v2\/media?parent=16203"}],"wp:term":[{"taxonomy":"category","embeddable":true,"href":"https:\/\/www.varazdin.es\/fundacion\/wp-json\/wp\/v2\/categories?post=16203"},{"taxonomy":"post_tag","embeddable":true,"href":"https:\/\/www.varazdin.es\/fundacion\/wp-json\/wp\/v2\/tags?post=16203"}],"curies":[{"name":"wp","href":"https:\/\/api.w.org\/{rel}","templated":true}]}}