{"id":16194,"date":"2017-01-30T08:44:42","date_gmt":"2017-01-30T08:44:42","guid":{"rendered":"http:\/\/www.varazdin.es\/fundacion\/?p=16194"},"modified":"2017-01-30T08:47:02","modified_gmt":"2017-01-30T08:47:02","slug":"el-gobierno-de-navarra-abre-la-puerta-a-la-calificacion-de-los-centros-como-empresas-de-insercion-sociolaboral","status":"publish","type":"post","link":"https:\/\/www.varazdin.es\/fundacion\/es\/el-gobierno-de-navarra-abre-la-puerta-a-la-calificacion-de-los-centros-como-empresas-de-insercion-sociolaboral\/","title":{"rendered":"El Gobierno de Navarra abre la puerta a la calificaci\u00f3n de los centros como empresas de inserci\u00f3n sociolaboral"},"content":{"rendered":"<p>Con este decreto foral se adapta la normativa actual al marco legal com\u00fan establecido por el Estado en 2007. Uno de los principales cambios es la conversi\u00f3n, en un plazo de hasta dos a\u00f1os seg\u00fan el caso, de los actuales centros de inclusi\u00f3n sociolaboral en empresas de econom\u00eda social.<\/p>\n<div id=\"contenedor\">\n<div>\n<div class=\"izda\">\n<div>\n<div id=\"centro\">\n<div>\n<p>Actualmente existen en Navarra 11 centros de inserci\u00f3n sociolaboral, entre los que se encuentra FUNDACION VARAZDIN, que fueron calificados as\u00ed por una normativa de 1999 y que emplean a 240 personas. Est\u00e1n financiados por el Departamento de Derechos Sociales.<\/p>\n<p>Con este decreto foral aprobado, se establece un registro de empresas de inserci\u00f3n sociolaboral y se define el procedimiento de calificaci\u00f3n por parte del Gobierno de Navarra.<\/p>\n<p>El decreto foral establece un marco para las ayudas que recibir\u00e1n las futuras empresas de inserci\u00f3n sociolaboral, que podr\u00e1n ser subvenciones por salarios, por cuotas empresariales de la Seguridad Social, por asistencia t\u00e9cnica y por inversiones. El Departamento de Derechos Sociales ha previsto para financiar estas ayudas una partida de 2,2 millones de euros en 2017, un 17,3% m\u00e1s que este a\u00f1o<\/p>\n<\/div>\n<\/div>\n<\/div>\n<\/div>\n<\/div>\n<\/div>\n","protected":false},"excerpt":{"rendered":"<p>Con este decreto foral se adapta la normativa actual al marco legal com\u00fan establecido por el Estado en 2007. Uno de los principales cambios es la conversi\u00f3n, en un plazo de hasta dos a\u00f1os seg\u00fan el caso, de los actuales centros de inclusi\u00f3n sociolaboral en empresas de econom\u00eda social. Actualmente existen en Navarra 11 centros de inserci\u00f3n sociolaboral, entre los que se encuentra FUNDACION VARAZDIN, que fueron calificados as\u00ed por una normativa de 1999 y que emplean a 240 personas. Est\u00e1n financiados por el Departamento de Derechos Sociales. Con este decreto foral aprobado, se establece un registro de empresas de inserci\u00f3n sociolaboral y se define el procedimiento de calificaci\u00f3n por parte del Gobierno de Navarra. El decreto foral establece un marco para las ayudas que recibir\u00e1n las futuras empresas de inserci\u00f3n sociolaboral, que podr\u00e1n ser subvenciones por salarios, por cuotas empresariales de la Seguridad Social, por asistencia t\u00e9cnica y por inversiones. El Departamento de Derechos Sociales ha previsto para financiar estas ayudas una partida de 2,2 millones de euros en 2017, un 17,3% m\u00e1s que este a\u00f1o<\/p>\n","protected":false},"author":1,"featured_media":15447,"comment_status":"open","ping_status":"open","sticky":false,"template":"","format":"standard","meta":[],"categories":[1],"tags":[],"_links":{"self":[{"href":"https:\/\/www.varazdin.es\/fundacion\/wp-json\/wp\/v2\/posts\/16194"}],"collection":[{"href":"https:\/\/www.varazdin.es\/fundacion\/wp-json\/wp\/v2\/posts"}],"about":[{"href":"https:\/\/www.varazdin.es\/fundacion\/wp-json\/wp\/v2\/types\/post"}],"author":[{"embeddable":true,"href":"https:\/\/www.varazdin.es\/fundacion\/wp-json\/wp\/v2\/users\/1"}],"replies":[{"embeddable":true,"href":"https:\/\/www.varazdin.es\/fundacion\/wp-json\/wp\/v2\/comments?post=16194"}],"version-history":[{"count":1,"href":"https:\/\/www.varazdin.es\/fundacion\/wp-json\/wp\/v2\/posts\/16194\/revisions"}],"predecessor-version":[{"id":16195,"href":"https:\/\/www.varazdin.es\/fundacion\/wp-json\/wp\/v2\/posts\/16194\/revisions\/16195"}],"wp:featuredmedia":[{"embeddable":true,"href":"https:\/\/www.varazdin.es\/fundacion\/wp-json\/wp\/v2\/media\/15447"}],"wp:attachment":[{"href":"https:\/\/www.varazdin.es\/fundacion\/wp-json\/wp\/v2\/media?parent=16194"}],"wp:term":[{"taxonomy":"category","embeddable":true,"href":"https:\/\/www.varazdin.es\/fundacion\/wp-json\/wp\/v2\/categories?post=16194"},{"taxonomy":"post_tag","embeddable":true,"href":"https:\/\/www.varazdin.es\/fundacion\/wp-json\/wp\/v2\/tags?post=16194"}],"curies":[{"name":"wp","href":"https:\/\/api.w.org\/{rel}","templated":true}]}}