{"id":16176,"date":"2016-10-04T08:37:01","date_gmt":"2016-10-04T08:37:01","guid":{"rendered":"http:\/\/www.varazdin.es\/fundacion\/?p=16176"},"modified":"2016-10-04T08:37:01","modified_gmt":"2016-10-04T08:37:01","slug":"taller-formativo-para-personas-vulnerables-sobre-economia-familiar-consumo-ahorro-alimentacion-saludable-reciclaje-etc","status":"publish","type":"post","link":"https:\/\/www.varazdin.es\/fundacion\/es\/taller-formativo-para-personas-vulnerables-sobre-economia-familiar-consumo-ahorro-alimentacion-saludable-reciclaje-etc\/","title":{"rendered":"Taller formativo para personas vulnerables sobre econom\u00eda familiar, consumo, ahorro, alimentaci\u00f3n saludable, reciclaje, etc\u2026."},"content":{"rendered":"<p>Desde Fundaci\u00f3n VARAZDIN, queremos recordaros \u00a0la realizaci\u00f3n de una formaci\u00f3n dirigida a personas vulnerables en riesgo y\/o exclusi\u00f3n social. Este taller tiene se denomina \u201cAutosuficiencia competitiva\u201d y tiene como finalidad acercar a estas personas a una vida m\u00e1s aut\u00f3noma, responsable y sostenible. Para ello, se abordar\u00e1n elementos que tienen que ver con la econom\u00eda familiar, consumo, ahorro, alimentaci\u00f3n saludable, reciclaje, etc\u2026.<\/p>\n<p>Pensamos que este tipo de talleres, donde comparten experiencias a trav\u00e9s de din\u00e1micas grupales es una buena forma de reforzar elementos b\u00e1sicos favorecedores para su desarrollo personal y familiar. Queremos abrir esta acci\u00f3n a todas las entidades como forma de poder completar los procesos de incorporaci\u00f3n sociolaboral que actualmente desarroll\u00e1is con ellos\/as.<\/p>\n<p>&nbsp;<\/p>\n<p>Los m\u00f3dulos que planteamos son los siguientes:<\/p>\n<p>&nbsp;<\/p>\n<p>1.- <strong>Productos bancarios y financieros.<\/strong> (conceptos y tramitaci\u00f3n de distintos productos tales como una hipoteca, cr\u00e9ditos personales, cr\u00e9ditos r\u00e1pidos, ventajas y desventajas de todos ellos).Como reclamar nuestros derechos:\u00a0 Servicios de arbitraje y mediaci\u00f3n extrajudicial,\u00a0 reclamaciones frente a la administraci\u00f3n, etc. Documentos y pautas para acceder a estos servicios.<\/p>\n<p>&nbsp;<\/p>\n<p><strong>2.- Econom\u00eda dom\u00e9stica.<\/strong> Control de ingresos y gastos, planificaci\u00f3n econ\u00f3mica familiar, estrategias de ahorro, reciclaje y aprovechamiento dom\u00e9stico. Suministros dom\u00e9sticos b\u00e1sicos: Gesti\u00f3n y control. Conocimiento de los recibos de las distintas compa\u00f1\u00edas de suministros, comparativa de empresas similares de suministro, estrategias de ahorro a largo plazo.<\/p>\n<p>&nbsp;<\/p>\n<p><strong>3.- Taller pr\u00e1ctico.<\/strong> Alimentaci\u00f3n saludable, planificaci\u00f3n y ahorro. Mantenimiento dom\u00e9stico b\u00e1sico, peque\u00f1os arreglos y reparaciones. Destrezas varias para la vida cotidiana: bricolaje b\u00e1sico, cocina r\u00e1pida y saludable, costura de emergencia.<\/p>\n<p>&nbsp;<\/p>\n<p><strong>4.- Visita a Lorenea: Centro de Interpretaci\u00f3n de la Agricultura y Jardiner\u00eda ecol\u00f3gica<\/strong>, tendr\u00e1 como finalidad dar a conocer este recurso a las personas en exclusi\u00f3n, se les ense\u00f1ar\u00e1n los distintos proyectos que se llevan a cabo all\u00ed y como fomentar el consumo ecol\u00f3gico, responsable y sostenible. Valoramos como muy importante el que estas personas conozcan recursos de este tipo como alternativa al consumo y los comercios tradicionales. Ya que adem\u00e1s de concienciar a estas personas hay que acercarlas a los recursos y darles a conocer las posibilidades que estos tienen de participaci\u00f3n activa.<\/p>\n<p>&nbsp;<\/p>\n<p>La fecha prevista para la realizaci\u00f3n del taller ser\u00eda entre el 24 y el 28 de octubre en horario de ma\u00f1ana, las sesiones ser\u00e1n de 9.30 a\u00a0 12.30.<\/p>\n<p>Si est\u00e1s interesado\/a llama al 948.31.72.11 (pregunta por Edurne)<\/p>\n","protected":false},"excerpt":{"rendered":"<p>Desde Fundaci\u00f3n VARAZDIN, queremos recordaros \u00a0la realizaci\u00f3n de una formaci\u00f3n dirigida a personas vulnerables en riesgo y\/o exclusi\u00f3n social. Este taller tiene se denomina \u201cAutosuficiencia competitiva\u201d y tiene como finalidad acercar a estas personas a una vida m\u00e1s aut\u00f3noma, responsable y sostenible. Para ello, se abordar\u00e1n elementos que tienen que ver con la econom\u00eda familiar, consumo, ahorro, alimentaci\u00f3n saludable, reciclaje, etc\u2026. Pensamos que este tipo de talleres, donde comparten experiencias a trav\u00e9s de din\u00e1micas grupales es una buena forma de reforzar elementos b\u00e1sicos favorecedores para su desarrollo personal y familiar. Queremos abrir esta acci\u00f3n a todas las entidades como forma de poder completar los procesos de incorporaci\u00f3n sociolaboral que actualmente desarroll\u00e1is con ellos\/as. &nbsp; Los m\u00f3dulos que planteamos son los siguientes: &nbsp; 1.- Productos bancarios y financieros. (conceptos y tramitaci\u00f3n de distintos productos tales como una hipoteca, cr\u00e9ditos personales, cr\u00e9ditos r\u00e1pidos, ventajas y desventajas de todos ellos).Como reclamar nuestros derechos:\u00a0 Servicios de arbitraje y mediaci\u00f3n extrajudicial,\u00a0 reclamaciones frente a la administraci\u00f3n, etc. Documentos y pautas para acceder a estos servicios. &nbsp; 2.- Econom\u00eda dom\u00e9stica. Control de ingresos y gastos, planificaci\u00f3n econ\u00f3mica familiar, estrategias de ahorro, reciclaje y aprovechamiento dom\u00e9stico. Suministros dom\u00e9sticos b\u00e1sicos: Gesti\u00f3n y control. Conocimiento de los recibos de [&hellip;]<\/p>\n","protected":false},"author":1,"featured_media":15521,"comment_status":"open","ping_status":"open","sticky":false,"template":"","format":"standard","meta":[],"categories":[1],"tags":[],"_links":{"self":[{"href":"https:\/\/www.varazdin.es\/fundacion\/wp-json\/wp\/v2\/posts\/16176"}],"collection":[{"href":"https:\/\/www.varazdin.es\/fundacion\/wp-json\/wp\/v2\/posts"}],"about":[{"href":"https:\/\/www.varazdin.es\/fundacion\/wp-json\/wp\/v2\/types\/post"}],"author":[{"embeddable":true,"href":"https:\/\/www.varazdin.es\/fundacion\/wp-json\/wp\/v2\/users\/1"}],"replies":[{"embeddable":true,"href":"https:\/\/www.varazdin.es\/fundacion\/wp-json\/wp\/v2\/comments?post=16176"}],"version-history":[{"count":1,"href":"https:\/\/www.varazdin.es\/fundacion\/wp-json\/wp\/v2\/posts\/16176\/revisions"}],"predecessor-version":[{"id":16177,"href":"https:\/\/www.varazdin.es\/fundacion\/wp-json\/wp\/v2\/posts\/16176\/revisions\/16177"}],"wp:featuredmedia":[{"embeddable":true,"href":"https:\/\/www.varazdin.es\/fundacion\/wp-json\/wp\/v2\/media\/15521"}],"wp:attachment":[{"href":"https:\/\/www.varazdin.es\/fundacion\/wp-json\/wp\/v2\/media?parent=16176"}],"wp:term":[{"taxonomy":"category","embeddable":true,"href":"https:\/\/www.varazdin.es\/fundacion\/wp-json\/wp\/v2\/categories?post=16176"},{"taxonomy":"post_tag","embeddable":true,"href":"https:\/\/www.varazdin.es\/fundacion\/wp-json\/wp\/v2\/tags?post=16176"}],"curies":[{"name":"wp","href":"https:\/\/api.w.org\/{rel}","templated":true}]}}