{"id":16169,"date":"2016-09-27T12:10:56","date_gmt":"2016-09-27T12:10:56","guid":{"rendered":"http:\/\/www.varazdin.es\/fundacion\/?p=16169"},"modified":"2016-09-27T12:12:43","modified_gmt":"2016-09-27T12:12:43","slug":"el-domingo-2-de-octubre-ven-a-bionoain-2016","status":"publish","type":"post","link":"https:\/\/www.varazdin.es\/fundacion\/es\/el-domingo-2-de-octubre-ven-a-bionoain-2016\/","title":{"rendered":"El domingo 2 de octubre ven a BIONOAIN 2016"},"content":{"rendered":"<p>El pr\u00f3ximo 2 de octubre celebraremos\u00a0la cuarta edici\u00f3n de la\u00a0feria ecol\u00f3gica BIONOAIN, en el Parque de los Sentidos de\u00a0Noain. Una cita que anualmente re\u00fane a organismos y\u00a0empresas comprometidos con la sostenibilidad tanto social como ambiental,en una\u00a0jornada festiva de ocio y promoci\u00f3n en pos de un futuro\u00a0mejor.<br \/>\nFundaci\u00f3n Varazdin en este enclave protegido de Lorenea\/Parque de Los Sentidos viene\u00a0desarrollando distintos programas de incorporaci\u00f3n sociolaboral de personas con diversidad funcional en riesgo de exclusi\u00f3n social (gesti\u00f3n cafeter\u00eda y tienda ecol\u00f3gica, cultivo de huertas ecol\u00f3gicas, mantenimiento de animales, visitas guiadas, etc&#8230;). En esta edici\u00f3n, Bionoain hace un gui\u00f1o a la cocina, continuando la labor que realizamos en el proyecto Biochef y estar\u00e1n representadas en la feria alternativas existentes en todos\u00a0los \u00e1mbitos: energ\u00edas renovables, movilidad sostenible,\u00a0bioconstrucci\u00f3n, eficiencia energ\u00e9tica, agricultura y\u00a0jardiner\u00eda ecol\u00f3gicas, consumo sostenible, banca \u00e9tica y\u00a0otros proyectos alternativos.<\/p>\n<p>Hemos preparado un extenso programa de actividades que esperamos sea de vuestro agrado. Os esperamos!<\/p>\n<p>&nbsp;<\/p>\n<p>TALLERES<br \/>\n10:30 &gt; 11:30 &#8211; Bioconstrucci\u00f3n con paja<br \/>\n12:00 &gt; 13:00 &#8211; Taller de Creppes (adultos)<br \/>\n12:00 &gt; 13:00 &#8211; Sembrando Nuestra Tierra (ni\u00f1os\/as)<br \/>\n13:00 &gt; 14:00 &#8211; Aceites Esenciales.<br \/>\nSTANDS<br \/>\nMovilidad Sostenible<br \/>\nCocinas Solares<br \/>\nGranja<br \/>\nAgricultura Ecol\u00f3gica<br \/>\nEtnograf\u00eda<br \/>\nSHOW COOKING<br \/>\nCocina directa, de la tierra a la mesa, contres chef de renombre del proyecto Biochef.<\/p>\n<p>&nbsp;<\/p>\n","protected":false},"excerpt":{"rendered":"<p>El pr\u00f3ximo 2 de octubre celebraremos\u00a0la cuarta edici\u00f3n de la\u00a0feria ecol\u00f3gica BIONOAIN, en el Parque de los Sentidos de\u00a0Noain. Una cita que anualmente re\u00fane a organismos y\u00a0empresas comprometidos con la sostenibilidad tanto social como ambiental,en una\u00a0jornada festiva de ocio y promoci\u00f3n en pos de un futuro\u00a0mejor. Fundaci\u00f3n Varazdin en este enclave protegido de Lorenea\/Parque de Los Sentidos viene\u00a0desarrollando distintos programas de incorporaci\u00f3n sociolaboral de personas con diversidad funcional en riesgo de exclusi\u00f3n social (gesti\u00f3n cafeter\u00eda y tienda ecol\u00f3gica, cultivo de huertas ecol\u00f3gicas, mantenimiento de animales, visitas guiadas, etc&#8230;). En esta edici\u00f3n, Bionoain hace un gui\u00f1o a la cocina, continuando la labor que realizamos en el proyecto Biochef y estar\u00e1n representadas en la feria alternativas existentes en todos\u00a0los \u00e1mbitos: energ\u00edas renovables, movilidad sostenible,\u00a0bioconstrucci\u00f3n, eficiencia energ\u00e9tica, agricultura y\u00a0jardiner\u00eda ecol\u00f3gicas, consumo sostenible, banca \u00e9tica y\u00a0otros proyectos alternativos. Hemos preparado un extenso programa de actividades que esperamos sea de vuestro agrado. Os esperamos! &nbsp; TALLERES 10:30 &gt; 11:30 &#8211; Bioconstrucci\u00f3n con paja 12:00 &gt; 13:00 &#8211; Taller de Creppes (adultos) 12:00 &gt; 13:00 &#8211; Sembrando Nuestra Tierra (ni\u00f1os\/as) 13:00 &gt; 14:00 &#8211; Aceites Esenciales. STANDS Movilidad Sostenible Cocinas Solares Granja Agricultura Ecol\u00f3gica Etnograf\u00eda SHOW COOKING Cocina directa, de la tierra a la mesa, contres [&hellip;]<\/p>\n","protected":false},"author":1,"featured_media":16170,"comment_status":"open","ping_status":"open","sticky":false,"template":"","format":"standard","meta":[],"categories":[1],"tags":[],"_links":{"self":[{"href":"https:\/\/www.varazdin.es\/fundacion\/wp-json\/wp\/v2\/posts\/16169"}],"collection":[{"href":"https:\/\/www.varazdin.es\/fundacion\/wp-json\/wp\/v2\/posts"}],"about":[{"href":"https:\/\/www.varazdin.es\/fundacion\/wp-json\/wp\/v2\/types\/post"}],"author":[{"embeddable":true,"href":"https:\/\/www.varazdin.es\/fundacion\/wp-json\/wp\/v2\/users\/1"}],"replies":[{"embeddable":true,"href":"https:\/\/www.varazdin.es\/fundacion\/wp-json\/wp\/v2\/comments?post=16169"}],"version-history":[{"count":1,"href":"https:\/\/www.varazdin.es\/fundacion\/wp-json\/wp\/v2\/posts\/16169\/revisions"}],"predecessor-version":[{"id":16171,"href":"https:\/\/www.varazdin.es\/fundacion\/wp-json\/wp\/v2\/posts\/16169\/revisions\/16171"}],"wp:featuredmedia":[{"embeddable":true,"href":"https:\/\/www.varazdin.es\/fundacion\/wp-json\/wp\/v2\/media\/16170"}],"wp:attachment":[{"href":"https:\/\/www.varazdin.es\/fundacion\/wp-json\/wp\/v2\/media?parent=16169"}],"wp:term":[{"taxonomy":"category","embeddable":true,"href":"https:\/\/www.varazdin.es\/fundacion\/wp-json\/wp\/v2\/categories?post=16169"},{"taxonomy":"post_tag","embeddable":true,"href":"https:\/\/www.varazdin.es\/fundacion\/wp-json\/wp\/v2\/tags?post=16169"}],"curies":[{"name":"wp","href":"https:\/\/api.w.org\/{rel}","templated":true}]}}