{"id":16040,"date":"2016-05-09T11:40:56","date_gmt":"2016-05-09T11:40:56","guid":{"rendered":"http:\/\/www.varazdin.es\/fundacion\/?p=16040"},"modified":"2016-09-26T11:41:06","modified_gmt":"2016-09-26T11:41:06","slug":"ayudanos-a-dar-la-vuelta-al-mundo-mas-solidaria-2","status":"publish","type":"post","link":"https:\/\/www.varazdin.es\/fundacion\/en\/ayudanos-a-dar-la-vuelta-al-mundo-mas-solidaria-2\/","title":{"rendered":"Ay\u00fadanos a dar la vuelta al mundo m\u00e1s solidaria"},"content":{"rendered":"<p style=\"text-align: justify;\">Colabora con Fundaci\u00f3n Varazdin para que sigamos desarrollando nuestra actividad.<\/p>\n<p style=\"text-align: justify;\">Fundaci\u00f3n Diario de Navarra lanza un reto deportivo y ben\u00e9fico para implicar a toda la ciudadan\u00eda navarra.\u00a0Durante ocho semanas, entre el s\u00e1bado 23 de abril y el jueves 16 de junio, el \u2018Reto solidario FDN\u2019 promocionar\u00e1 los h\u00e1bitos de vida saludable entre los trabajadores de las empresas participantes, los miembros de las entidades sociales y la ciudadan\u00eda en general.<\/p>\n<p style=\"text-align: justify;\">Formar parte de esta gran iniciativa solidaria es muy sencillo: a partir de este viernes, todos los que deseen aportar su granito de arena a favor de Fundaci\u00f3n Varazdin podr\u00e1n apuntarse en la web www.fundaciondn.org\/reto.<\/p>\n<p style=\"text-align: justify;\">Una vez registrados en el reto, deber\u00e1n descargarse en el tel\u00e9fono m\u00f3vil una de las quince aplicaciones disponibles (y gratuitas), que monitorizan la actividad f\u00edsica.<\/p>\n<p style=\"text-align: justify;\">Cada vez que el participante vaya a caminar, correr, andar en bici, ir al gimnasio, etc., puede darle al play en su app; la plataforma ir\u00e1 registrando toda su actividad en funci\u00f3n de las calor\u00edas que consuma, y este esfuerzo traducido en kil\u00f3metros ser\u00e1 la donaci\u00f3n que recibir\u00e1 Fundaci\u00f3n Varazdin.<\/p>\n","protected":false},"excerpt":{"rendered":"<p>Colabora con Fundaci\u00f3n Varazdin para que sigamos desarrollando nuestra actividad. Fundaci\u00f3n Diario de Navarra lanza un reto deportivo y ben\u00e9fico para implicar a toda la ciudadan\u00eda navarra.\u00a0Durante ocho semanas, entre el s\u00e1bado 23 de abril y el jueves 16 de junio, el \u2018Reto solidario FDN\u2019 promocionar\u00e1 los h\u00e1bitos de vida saludable entre los trabajadores de las empresas participantes, los miembros de las entidades sociales y la ciudadan\u00eda en general. Formar parte de esta gran iniciativa solidaria es muy sencillo: a partir de este viernes, todos los que deseen aportar su granito de arena a favor de Fundaci\u00f3n Varazdin podr\u00e1n apuntarse en la web www.fundaciondn.org\/reto. Una vez registrados en el reto, deber\u00e1n descargarse en el tel\u00e9fono m\u00f3vil una de las quince aplicaciones disponibles (y gratuitas), que monitorizan la actividad f\u00edsica. Cada vez que el participante vaya a caminar, correr, andar en bici, ir al gimnasio, etc., puede darle al play en su app; la plataforma ir\u00e1 registrando toda su actividad en funci\u00f3n de las calor\u00edas que consuma, y este esfuerzo traducido en kil\u00f3metros ser\u00e1 la donaci\u00f3n que recibir\u00e1 Fundaci\u00f3n Varazdin.<\/p>\n","protected":false},"author":1,"featured_media":15932,"comment_status":"open","ping_status":"open","sticky":false,"template":"","format":"standard","meta":[],"categories":[33],"tags":[],"_links":{"self":[{"href":"https:\/\/www.varazdin.es\/fundacion\/wp-json\/wp\/v2\/posts\/16040"}],"collection":[{"href":"https:\/\/www.varazdin.es\/fundacion\/wp-json\/wp\/v2\/posts"}],"about":[{"href":"https:\/\/www.varazdin.es\/fundacion\/wp-json\/wp\/v2\/types\/post"}],"author":[{"embeddable":true,"href":"https:\/\/www.varazdin.es\/fundacion\/wp-json\/wp\/v2\/users\/1"}],"replies":[{"embeddable":true,"href":"https:\/\/www.varazdin.es\/fundacion\/wp-json\/wp\/v2\/comments?post=16040"}],"version-history":[{"count":1,"href":"https:\/\/www.varazdin.es\/fundacion\/wp-json\/wp\/v2\/posts\/16040\/revisions"}],"predecessor-version":[{"id":16041,"href":"https:\/\/www.varazdin.es\/fundacion\/wp-json\/wp\/v2\/posts\/16040\/revisions\/16041"}],"wp:featuredmedia":[{"embeddable":true,"href":"https:\/\/www.varazdin.es\/fundacion\/wp-json\/wp\/v2\/media\/15932"}],"wp:attachment":[{"href":"https:\/\/www.varazdin.es\/fundacion\/wp-json\/wp\/v2\/media?parent=16040"}],"wp:term":[{"taxonomy":"category","embeddable":true,"href":"https:\/\/www.varazdin.es\/fundacion\/wp-json\/wp\/v2\/categories?post=16040"},{"taxonomy":"post_tag","embeddable":true,"href":"https:\/\/www.varazdin.es\/fundacion\/wp-json\/wp\/v2\/tags?post=16040"}],"curies":[{"name":"wp","href":"https:\/\/api.w.org\/{rel}","templated":true}]}}