{"id":16037,"date":"2016-05-10T11:40:33","date_gmt":"2016-05-10T11:40:33","guid":{"rendered":"http:\/\/www.varazdin.es\/fundacion\/?p=16037"},"modified":"2016-09-26T11:40:47","modified_gmt":"2016-09-26T11:40:47","slug":"fundacion-geoalcali-apoya-nuestro-trabajo-de-insercion-2","status":"publish","type":"post","link":"https:\/\/www.varazdin.es\/fundacion\/en\/fundacion-geoalcali-apoya-nuestro-trabajo-de-insercion-2\/","title":{"rendered":"Fundaci\u00f3n GEOALCALI apoya nuestro trabajo de inserci\u00f3n"},"content":{"rendered":"<p>Fundaci\u00f3n Geoalcali ha firmado con Fundaci\u00f3n Varazdin un nuevo acuerdo de colaboraci\u00f3n con objeto de potenciar el trabajo de inserci\u00f3n laboral que \u00e9sta \u00faltima realiza con personas con diversidad funcional y en riesgo de exclusi\u00f3n social.<\/p>\n<p>Gracias a este convenio, dentro del enclave de trabajo denominado \u00ablorenea\u00bb en el parque de los Sentidos de Noain se va a potenciar el huerto ecol\u00f3gico de autorecolecci\u00f3n, as\u00ed como seguir realizando visitas escolares a este paraje tan bonito como singular. Son centenares las ni\u00f1as y ni\u00f1os de distintas escuelas y lugares de Navarra los que se van a beneficiar de esta actividad que tiene por objeto promocionar una educaci\u00f3n ambiental dirigida a favorecer la sostenibilidad y de paso reforzar la inclusi\u00f3n sociolaboral.<\/p>\n<p>Desde Fundaci\u00f3n Varazdin se agradece la sensibilidad y la apuesta por una \u00abeconom\u00eda social y verde\u00bb por parte de Geoalcali, como parte de su apuesta por una econom\u00eda de futuro no agresiva con el medio.<\/p>\n","protected":false},"excerpt":{"rendered":"<p>Fundaci\u00f3n Geoalcali ha firmado con Fundaci\u00f3n Varazdin un nuevo acuerdo de colaboraci\u00f3n con objeto de potenciar el trabajo de inserci\u00f3n laboral que \u00e9sta \u00faltima realiza con personas con diversidad funcional y en riesgo de exclusi\u00f3n social. Gracias a este convenio, dentro del enclave de trabajo denominado \u00ablorenea\u00bb en el parque de los Sentidos de Noain se va a potenciar el huerto ecol\u00f3gico de autorecolecci\u00f3n, as\u00ed como seguir realizando visitas escolares a este paraje tan bonito como singular. Son centenares las ni\u00f1as y ni\u00f1os de distintas escuelas y lugares de Navarra los que se van a beneficiar de esta actividad que tiene por objeto promocionar una educaci\u00f3n ambiental dirigida a favorecer la sostenibilidad y de paso reforzar la inclusi\u00f3n sociolaboral. Desde Fundaci\u00f3n Varazdin se agradece la sensibilidad y la apuesta por una \u00abeconom\u00eda social y verde\u00bb por parte de Geoalcali, como parte de su apuesta por una econom\u00eda de futuro no agresiva con el medio.<\/p>\n","protected":false},"author":1,"featured_media":15940,"comment_status":"open","ping_status":"open","sticky":false,"template":"","format":"standard","meta":[],"categories":[33],"tags":[],"_links":{"self":[{"href":"https:\/\/www.varazdin.es\/fundacion\/wp-json\/wp\/v2\/posts\/16037"}],"collection":[{"href":"https:\/\/www.varazdin.es\/fundacion\/wp-json\/wp\/v2\/posts"}],"about":[{"href":"https:\/\/www.varazdin.es\/fundacion\/wp-json\/wp\/v2\/types\/post"}],"author":[{"embeddable":true,"href":"https:\/\/www.varazdin.es\/fundacion\/wp-json\/wp\/v2\/users\/1"}],"replies":[{"embeddable":true,"href":"https:\/\/www.varazdin.es\/fundacion\/wp-json\/wp\/v2\/comments?post=16037"}],"version-history":[{"count":1,"href":"https:\/\/www.varazdin.es\/fundacion\/wp-json\/wp\/v2\/posts\/16037\/revisions"}],"predecessor-version":[{"id":16038,"href":"https:\/\/www.varazdin.es\/fundacion\/wp-json\/wp\/v2\/posts\/16037\/revisions\/16038"}],"wp:featuredmedia":[{"embeddable":true,"href":"https:\/\/www.varazdin.es\/fundacion\/wp-json\/wp\/v2\/media\/15940"}],"wp:attachment":[{"href":"https:\/\/www.varazdin.es\/fundacion\/wp-json\/wp\/v2\/media?parent=16037"}],"wp:term":[{"taxonomy":"category","embeddable":true,"href":"https:\/\/www.varazdin.es\/fundacion\/wp-json\/wp\/v2\/categories?post=16037"},{"taxonomy":"post_tag","embeddable":true,"href":"https:\/\/www.varazdin.es\/fundacion\/wp-json\/wp\/v2\/tags?post=16037"}],"curies":[{"name":"wp","href":"https:\/\/api.w.org\/{rel}","templated":true}]}}