{"id":16034,"date":"2016-05-10T11:40:15","date_gmt":"2016-05-10T11:40:15","guid":{"rendered":"http:\/\/www.varazdin.es\/fundacion\/?p=16034"},"modified":"2016-09-26T11:40:26","modified_gmt":"2016-09-26T11:40:26","slug":"la-directora-territorial-de-caixabank-visita-fundacion-varazdin-2","status":"publish","type":"post","link":"https:\/\/www.varazdin.es\/fundacion\/en\/la-directora-territorial-de-caixabank-visita-fundacion-varazdin-2\/","title":{"rendered":"La Directora Territorial de CAIXABANK visita Fundaci\u00f3n Varazdin"},"content":{"rendered":"<p>Ana D\u00edez Fontana, directora territorial de Caixabank en Navarra y su equipo de la Obra Social visitan las instalaciones de Fundaci\u00f3n Varazdin en el Pol\u00edgono de Noain-Esquiroz.<\/p>\n<p>Agradecemos desde Fundaci\u00f3n Varazdin la cordialidad del encuentro y la buena predisposici\u00f3n de Caixabank para seguir apoyando el trabajo que venimos desarrollando en favor de las personas con diversidad funcional en riesgo de exclusi\u00f3n, ya que son muchos los proyectos que han sido posible llevarlos a cabo gracias a distintas convocatorias de la Obra Social la Caixa.<\/p>\n<p>&nbsp;<\/p>\n","protected":false},"excerpt":{"rendered":"<p>Ana D\u00edez Fontana, directora territorial de Caixabank en Navarra y su equipo de la Obra Social visitan las instalaciones de Fundaci\u00f3n Varazdin en el Pol\u00edgono de Noain-Esquiroz. Agradecemos desde Fundaci\u00f3n Varazdin la cordialidad del encuentro y la buena predisposici\u00f3n de Caixabank para seguir apoyando el trabajo que venimos desarrollando en favor de las personas con diversidad funcional en riesgo de exclusi\u00f3n, ya que son muchos los proyectos que han sido posible llevarlos a cabo gracias a distintas convocatorias de la Obra Social la Caixa. &nbsp;<\/p>\n","protected":false},"author":1,"featured_media":15943,"comment_status":"open","ping_status":"open","sticky":false,"template":"","format":"standard","meta":[],"categories":[33],"tags":[],"_links":{"self":[{"href":"https:\/\/www.varazdin.es\/fundacion\/wp-json\/wp\/v2\/posts\/16034"}],"collection":[{"href":"https:\/\/www.varazdin.es\/fundacion\/wp-json\/wp\/v2\/posts"}],"about":[{"href":"https:\/\/www.varazdin.es\/fundacion\/wp-json\/wp\/v2\/types\/post"}],"author":[{"embeddable":true,"href":"https:\/\/www.varazdin.es\/fundacion\/wp-json\/wp\/v2\/users\/1"}],"replies":[{"embeddable":true,"href":"https:\/\/www.varazdin.es\/fundacion\/wp-json\/wp\/v2\/comments?post=16034"}],"version-history":[{"count":1,"href":"https:\/\/www.varazdin.es\/fundacion\/wp-json\/wp\/v2\/posts\/16034\/revisions"}],"predecessor-version":[{"id":16035,"href":"https:\/\/www.varazdin.es\/fundacion\/wp-json\/wp\/v2\/posts\/16034\/revisions\/16035"}],"wp:featuredmedia":[{"embeddable":true,"href":"https:\/\/www.varazdin.es\/fundacion\/wp-json\/wp\/v2\/media\/15943"}],"wp:attachment":[{"href":"https:\/\/www.varazdin.es\/fundacion\/wp-json\/wp\/v2\/media?parent=16034"}],"wp:term":[{"taxonomy":"category","embeddable":true,"href":"https:\/\/www.varazdin.es\/fundacion\/wp-json\/wp\/v2\/categories?post=16034"},{"taxonomy":"post_tag","embeddable":true,"href":"https:\/\/www.varazdin.es\/fundacion\/wp-json\/wp\/v2\/tags?post=16034"}],"curies":[{"name":"wp","href":"https:\/\/api.w.org\/{rel}","templated":true}]}}