{"id":16032,"date":"2016-06-07T11:39:55","date_gmt":"2016-06-07T11:39:55","guid":{"rendered":"http:\/\/www.varazdin.es\/fundacion\/?p=16032"},"modified":"2016-09-26T11:40:05","modified_gmt":"2016-09-26T11:40:05","slug":"fundacion-varazdin-ofrece-el-almuerzo-en-la-jornada-de-deporte-inclusivo-2","status":"publish","type":"post","link":"https:\/\/www.varazdin.es\/fundacion\/en\/fundacion-varazdin-ofrece-el-almuerzo-en-la-jornada-de-deporte-inclusivo-2\/","title":{"rendered":"Fundaci\u00f3n Varazdin ofrece el almuerzo en la jornada de deporte inclusivo"},"content":{"rendered":"<p>Fundaci\u00f3n Diario de Navarra organiza una jornada de deporte inclusivo.\u00a0400 escolares y miembros de entidades sociales han participado este martes d\u00eda 7 de junio en las instalaciones de la Ciudad Deportiva Amaya en este evento. Fundaci\u00f3n Varazdin les ha ofrecido un almuerzo saludable \u00a0compuesto de zumos ecol\u00f3gicos, bizcocho, manzanas y tostadas de aceite y tomate. As\u00edmismo personal de esta Fundaci\u00f3n y un grupo de voluntarios han realizado una demostraci\u00f3n de cocina solar que ha tenido mucho \u00e9xito entre las y los estudiantes.<\/p>\n","protected":false},"excerpt":{"rendered":"<p>Fundaci\u00f3n Diario de Navarra organiza una jornada de deporte inclusivo.\u00a0400 escolares y miembros de entidades sociales han participado este martes d\u00eda 7 de junio en las instalaciones de la Ciudad Deportiva Amaya en este evento. Fundaci\u00f3n Varazdin les ha ofrecido un almuerzo saludable \u00a0compuesto de zumos ecol\u00f3gicos, bizcocho, manzanas y tostadas de aceite y tomate. As\u00edmismo personal de esta Fundaci\u00f3n y un grupo de voluntarios han realizado una demostraci\u00f3n de cocina solar que ha tenido mucho \u00e9xito entre las y los estudiantes.<\/p>\n","protected":false},"author":1,"featured_media":15957,"comment_status":"open","ping_status":"open","sticky":false,"template":"","format":"standard","meta":[],"categories":[33],"tags":[],"_links":{"self":[{"href":"https:\/\/www.varazdin.es\/fundacion\/wp-json\/wp\/v2\/posts\/16032"}],"collection":[{"href":"https:\/\/www.varazdin.es\/fundacion\/wp-json\/wp\/v2\/posts"}],"about":[{"href":"https:\/\/www.varazdin.es\/fundacion\/wp-json\/wp\/v2\/types\/post"}],"author":[{"embeddable":true,"href":"https:\/\/www.varazdin.es\/fundacion\/wp-json\/wp\/v2\/users\/1"}],"replies":[{"embeddable":true,"href":"https:\/\/www.varazdin.es\/fundacion\/wp-json\/wp\/v2\/comments?post=16032"}],"version-history":[{"count":1,"href":"https:\/\/www.varazdin.es\/fundacion\/wp-json\/wp\/v2\/posts\/16032\/revisions"}],"predecessor-version":[{"id":16033,"href":"https:\/\/www.varazdin.es\/fundacion\/wp-json\/wp\/v2\/posts\/16032\/revisions\/16033"}],"wp:featuredmedia":[{"embeddable":true,"href":"https:\/\/www.varazdin.es\/fundacion\/wp-json\/wp\/v2\/media\/15957"}],"wp:attachment":[{"href":"https:\/\/www.varazdin.es\/fundacion\/wp-json\/wp\/v2\/media?parent=16032"}],"wp:term":[{"taxonomy":"category","embeddable":true,"href":"https:\/\/www.varazdin.es\/fundacion\/wp-json\/wp\/v2\/categories?post=16032"},{"taxonomy":"post_tag","embeddable":true,"href":"https:\/\/www.varazdin.es\/fundacion\/wp-json\/wp\/v2\/tags?post=16032"}],"curies":[{"name":"wp","href":"https:\/\/api.w.org\/{rel}","templated":true}]}}