{"id":15992,"date":"2016-08-11T07:42:35","date_gmt":"2016-08-11T07:42:35","guid":{"rendered":"http:\/\/www.varazdin.es\/fundacion\/?p=15992"},"modified":"2016-08-11T07:44:10","modified_gmt":"2016-08-11T07:44:10","slug":"fundacion-varazdin-en-el-historico-concierto-de-manu-chao-en-estella-lizarra","status":"publish","type":"post","link":"https:\/\/www.varazdin.es\/fundacion\/es\/fundacion-varazdin-en-el-historico-concierto-de-manu-chao-en-estella-lizarra\/","title":{"rendered":"Fundaci\u00f3n Varazdin en el hist\u00f3rico concierto de Manu Chao en Estella-Lizarra"},"content":{"rendered":"<p>Fundaci\u00f3n Varazdin ha sido la entidad encargada de lavar los vasos reutilizables del\u00a0concierto de Manu Chao celebrado en Estella-Lizarra y al que asistieron miles de personas en el concierto m\u00e1s multitudinario que se ha celebrado en la capital del Ega. De esta manera, y gracias a la utilizaci\u00f3n del vaso reutilizable, este evento multitudinario celebrado en Los Llanos, ha sido un buen ejemplo de como utilizar un espacio p\u00fablico de manera responsable.<\/p>\n<p>&nbsp;<\/p>\n<p>*Foto: Unai Beroiz publicada en Diario de Noticias<\/p>\n<p>&nbsp;<\/p>\n<p>&nbsp;<\/p>\n<p>&nbsp;<\/p>\n<div id=\"Estructura\" class=\"Inicio ConPublicidad\"><\/div>\n","protected":false},"excerpt":{"rendered":"<p>Fundaci\u00f3n Varazdin ha sido la entidad encargada de lavar los vasos reutilizables del\u00a0concierto de Manu Chao celebrado en Estella-Lizarra y al que asistieron miles de personas en el concierto m\u00e1s multitudinario que se ha celebrado en la capital del Ega. De esta manera, y gracias a la utilizaci\u00f3n del vaso reutilizable, este evento multitudinario celebrado en Los Llanos, ha sido un buen ejemplo de como utilizar un espacio p\u00fablico de manera responsable. &nbsp; *Foto: Unai Beroiz publicada en Diario de Noticias &nbsp; &nbsp; &nbsp;<\/p>\n","protected":false},"author":1,"featured_media":15993,"comment_status":"open","ping_status":"open","sticky":false,"template":"","format":"standard","meta":[],"categories":[1],"tags":[],"_links":{"self":[{"href":"https:\/\/www.varazdin.es\/fundacion\/wp-json\/wp\/v2\/posts\/15992"}],"collection":[{"href":"https:\/\/www.varazdin.es\/fundacion\/wp-json\/wp\/v2\/posts"}],"about":[{"href":"https:\/\/www.varazdin.es\/fundacion\/wp-json\/wp\/v2\/types\/post"}],"author":[{"embeddable":true,"href":"https:\/\/www.varazdin.es\/fundacion\/wp-json\/wp\/v2\/users\/1"}],"replies":[{"embeddable":true,"href":"https:\/\/www.varazdin.es\/fundacion\/wp-json\/wp\/v2\/comments?post=15992"}],"version-history":[{"count":3,"href":"https:\/\/www.varazdin.es\/fundacion\/wp-json\/wp\/v2\/posts\/15992\/revisions"}],"predecessor-version":[{"id":15996,"href":"https:\/\/www.varazdin.es\/fundacion\/wp-json\/wp\/v2\/posts\/15992\/revisions\/15996"}],"wp:featuredmedia":[{"embeddable":true,"href":"https:\/\/www.varazdin.es\/fundacion\/wp-json\/wp\/v2\/media\/15993"}],"wp:attachment":[{"href":"https:\/\/www.varazdin.es\/fundacion\/wp-json\/wp\/v2\/media?parent=15992"}],"wp:term":[{"taxonomy":"category","embeddable":true,"href":"https:\/\/www.varazdin.es\/fundacion\/wp-json\/wp\/v2\/categories?post=15992"},{"taxonomy":"post_tag","embeddable":true,"href":"https:\/\/www.varazdin.es\/fundacion\/wp-json\/wp\/v2\/tags?post=15992"}],"curies":[{"name":"wp","href":"https:\/\/api.w.org\/{rel}","templated":true}]}}