{"id":15443,"date":"2016-04-18T10:25:09","date_gmt":"2016-04-18T10:25:09","guid":{"rendered":"http:\/\/www.varazdin.es\/fundacion\/?p=15443"},"modified":"2016-04-18T10:25:09","modified_gmt":"2016-04-18T10:25:09","slug":"fundacion-varazdin-finalista-en-los-premios-la-caixa-a-la-innovacion-y-la-transformacion-social","status":"publish","type":"post","link":"https:\/\/www.varazdin.es\/fundacion\/es\/fundacion-varazdin-finalista-en-los-premios-la-caixa-a-la-innovacion-y-la-transformacion-social\/","title":{"rendered":"Fundaci\u00f3n Varazdin, finalista en los Premios La Caixa a la Innovaci\u00f3n y la Transformaci\u00f3n Social"},"content":{"rendered":"<p>Fundaci\u00f3n Varazdin ha sido distinguida como entidad social finalista en la segunda edici\u00f3n de los Premios \u201cla Caixa\u201d a la Innovaci\u00f3n y Transformaci\u00f3n Social.<\/p>\n<p>La gala de entrega de los galardones se celebr\u00f3 el pasado mi\u00e9rcoles 13 de abril en Barcelona y cont\u00f3 con la presencia de Jaume Gir\u00f3; director general de la Fundaci\u00f3n Bancaria \u201cla Caixa\u201d; Marc Sim\u00f3n, director corporativo del \u00c1rea Social de la Fundaci\u00f3n Bancaria \u201cla Caixa\u201d; y Oriol Junqueras, vicepresidente de la Generalitat de Catalunya y conseller de Econom\u00eda.<\/p>\n<p>Los Premios \u201cla Caixa\u201d a la Innovaci\u00f3n y Transformaci\u00f3n Social est\u00e1n dirigidos a entidades sociales que en su actuaci\u00f3n aplican m\u00e9todos innovadores y logran transformar de forma efectiva las vidas de personas en situaci\u00f3n de vulnerabilidad social.<\/p>\n<p>Los proyectos ganadores forman parte de las iniciativas seleccionadas en cinco de las Convocatorias 2015 que el Programa de Ayudas a Proyectos Sociales de la Obra Social \u201cla Caixa\u201d impulsa anualmente para ofrecer apoyo a las entidades que trabajan para dar respuesta a las necesidades emergentes de la sociedad. Por ello, adem\u00e1s de poner en valor la innovaci\u00f3n y la visi\u00f3n en las problem\u00e1ticas sociales que estas entidades afrontan, los premios, dotados de 15.000 euros cada uno, tambi\u00e9n tienen el objetivo de reconocer y difundir los proyectos destacados de las Convocatorias 2015 y potenciar su impacto en la sociedad. De manera que los proyectos seleccionados, adem\u00e1s del premio recibido, han contado, como el resto de los proyectos aprobados en las convocatorias, con la financiaci\u00f3n suficiente para poder ser llevados a cabo.<\/p>\n<p>De los 489 proyectos presentados a los Premios, 50 han quedado finalistas y diez han sido los ganadores que de forma significativa est\u00e1n logrando responder a los retos actuales de la sociedad y que muestran capacidad para modificar una problem\u00e1tica social de una manera sostenible. Adem\u00e1s, se han otorgado tres acc\u00e9sits dotados con 5.000 euros.<\/p>\n<p><strong>VARAZDIN, TERAPIA CON ANIMALES Y ACCESO AL MUNDO LABORAL<\/strong><\/p>\n<p>En representaci\u00f3n de Fundaci\u00f3n Varazdin, Eduardo Jim\u00e9nez, gerente de la entidad, recibi\u00f3 el premio de manos de Marc Sim\u00f3n, director corporativo del \u00c1rea Social de la Fundaci\u00f3n Bancaria \u201cla Caixa\u201d.<\/p>\n<p>La entidad social navarra ha sido incluida entre las 50 entidades sociales finalistaspor la creaci\u00f3n de Aberenea, un espacio para realizar zooterapia y actividades l\u00fadicas con animales dentro de Lorenea, centro de interpretaci\u00f3n de la agricultura y jardiner\u00eda ecol\u00f3gica de No\u00e1in.<\/p>\n<p>Aberenea es un proyecto que lo lleva a cabo con la Asociaci\u00f3n Bocalan Biak Bat, expertos en trabajar a nivel terap\u00e9utico y a nivel social con distintos colectivos (personas con discapacidad, enfermedad mental, exclusi\u00f3n social o personas mayores) a trav\u00e9s de terapia y actividades con animales.<\/p>\n<p>En este sentido, Fundaci\u00f3n Varazdin pretende formar a personas en exclusi\u00f3n social para desarrollar un puesto de trabajo en actividades de crianza, cuidado y mantenimiento tanto de los animales como de las instalaciones de este centro. Este tipo de trabajo les abre las puertas para poder luego encaminar su b\u00fasqueda de empleo a puestos de trabajo tales como pe\u00f3n ganadero o agr\u00edcola, cuidador de mascotas o pe\u00f3n especializado en n\u00facleos zool\u00f3gicos, entre otros.<\/p>\n","protected":false},"excerpt":{"rendered":"<p>Fundaci\u00f3n Varazdin ha sido distinguida como entidad social finalista en la segunda edici\u00f3n de los Premios \u201cla Caixa\u201d a la Innovaci\u00f3n y Transformaci\u00f3n Social. La gala de entrega de los galardones se celebr\u00f3 el pasado mi\u00e9rcoles 13 de abril en Barcelona y cont\u00f3 con la presencia de Jaume Gir\u00f3; director general de la Fundaci\u00f3n Bancaria \u201cla Caixa\u201d; Marc Sim\u00f3n, director corporativo del \u00c1rea Social de la Fundaci\u00f3n Bancaria \u201cla Caixa\u201d; y Oriol Junqueras, vicepresidente de la Generalitat de Catalunya y conseller de Econom\u00eda. Los Premios \u201cla Caixa\u201d a la Innovaci\u00f3n y Transformaci\u00f3n Social est\u00e1n dirigidos a entidades sociales que en su actuaci\u00f3n aplican m\u00e9todos innovadores y logran transformar de forma efectiva las vidas de personas en situaci\u00f3n de vulnerabilidad social. Los proyectos ganadores forman parte de las iniciativas seleccionadas en cinco de las Convocatorias 2015 que el Programa de Ayudas a Proyectos Sociales de la Obra Social \u201cla Caixa\u201d impulsa anualmente para ofrecer apoyo a las entidades que trabajan para dar respuesta a las necesidades emergentes de la sociedad. Por ello, adem\u00e1s de poner en valor la innovaci\u00f3n y la visi\u00f3n en las problem\u00e1ticas sociales que estas entidades afrontan, los premios, dotados de 15.000 euros cada uno, tambi\u00e9n tienen el [&hellip;]<\/p>\n","protected":false},"author":1,"featured_media":15444,"comment_status":"open","ping_status":"open","sticky":false,"template":"","format":"standard","meta":[],"categories":[1],"tags":[],"_links":{"self":[{"href":"https:\/\/www.varazdin.es\/fundacion\/wp-json\/wp\/v2\/posts\/15443"}],"collection":[{"href":"https:\/\/www.varazdin.es\/fundacion\/wp-json\/wp\/v2\/posts"}],"about":[{"href":"https:\/\/www.varazdin.es\/fundacion\/wp-json\/wp\/v2\/types\/post"}],"author":[{"embeddable":true,"href":"https:\/\/www.varazdin.es\/fundacion\/wp-json\/wp\/v2\/users\/1"}],"replies":[{"embeddable":true,"href":"https:\/\/www.varazdin.es\/fundacion\/wp-json\/wp\/v2\/comments?post=15443"}],"version-history":[{"count":2,"href":"https:\/\/www.varazdin.es\/fundacion\/wp-json\/wp\/v2\/posts\/15443\/revisions"}],"predecessor-version":[{"id":16042,"href":"https:\/\/www.varazdin.es\/fundacion\/wp-json\/wp\/v2\/posts\/15443\/revisions\/16042"}],"wp:featuredmedia":[{"embeddable":true,"href":"https:\/\/www.varazdin.es\/fundacion\/wp-json\/wp\/v2\/media\/15444"}],"wp:attachment":[{"href":"https:\/\/www.varazdin.es\/fundacion\/wp-json\/wp\/v2\/media?parent=15443"}],"wp:term":[{"taxonomy":"category","embeddable":true,"href":"https:\/\/www.varazdin.es\/fundacion\/wp-json\/wp\/v2\/categories?post=15443"},{"taxonomy":"post_tag","embeddable":true,"href":"https:\/\/www.varazdin.es\/fundacion\/wp-json\/wp\/v2\/tags?post=15443"}],"curies":[{"name":"wp","href":"https:\/\/api.w.org\/{rel}","templated":true}]}}