{"id":15430,"date":"2016-04-18T10:00:36","date_gmt":"2016-04-18T10:00:36","guid":{"rendered":"http:\/\/www.varazdin.es\/fundacion\/?p=15430"},"modified":"2016-04-18T10:00:36","modified_gmt":"2016-04-18T10:00:36","slug":"el-parque-de-los-sentidos-de-noain-premiado-en-la-categoria-de-educacion-ambiental","status":"publish","type":"post","link":"https:\/\/www.varazdin.es\/fundacion\/es\/el-parque-de-los-sentidos-de-noain-premiado-en-la-categoria-de-educacion-ambiental\/","title":{"rendered":"El Parque de los Sentidos de No\u00e1in premiado en la categor\u00eda de educaci\u00f3n ambiental"},"content":{"rendered":"<p>La Fundaci\u00f3n F\u00f3rum Ambiental ha premiado en la categor\u00eda de educaci\u00f3n ambiental al Parque de los Sentidos-Centro de Sostenibilidad Lorenea del Ayuntamiento de No\u00e1in.<\/p>\n<p>El premio, seg\u00fan ha informado el Consistorio en un comunicado, reconoce la labor realizada por el \u00e1rea de jardiner\u00eda y agenda 21 municipal junto con la Fundaci\u00f3n Varazdin en temas relacionados con la educaci\u00f3n ambiental y el fomento de alternativas sostenibles en diferentes \u00e1mbitos.<\/p>\n<p>Y entre ellos cita consumo, jardiner\u00eda, horticultura, energ\u00edas renovables, bio-construcci\u00f3n, reciclaje, compostaje e inserci\u00f3n socio-laboral.<\/p>\n<p>La encargada de entregar el galard\u00f3n es la ministra Isabel Garc\u00eda Tejerina, en un acto previsto para hoy en el auditorio del Ministerio de Agricultura en Madrid.<\/p>\n<p>Los Premios Ciudad Sostenible de F\u00f3rum Ambiental, que cumplen este a\u00f1o su d\u00e9cimo segunda edici\u00f3n con el apoyo del Ministerio de Medio Ambiente y el patrocinio de Ecoembes, quieren ser un reconocimiento a los municipios y entes locales supramunicipales que apuestan por proyectos y actuaciones dirigidas a potenciar la sostenibilidad.<\/p>\n","protected":false},"excerpt":{"rendered":"<p>La Fundaci\u00f3n F\u00f3rum Ambiental ha premiado en la categor\u00eda de educaci\u00f3n ambiental al Parque de los Sentidos-Centro de Sostenibilidad Lorenea del Ayuntamiento de No\u00e1in. El premio, seg\u00fan ha informado el Consistorio en un comunicado, reconoce la labor realizada por el \u00e1rea de jardiner\u00eda y agenda 21 municipal junto con la Fundaci\u00f3n Varazdin en temas relacionados con la educaci\u00f3n ambiental y el fomento de alternativas sostenibles en diferentes \u00e1mbitos. Y entre ellos cita consumo, jardiner\u00eda, horticultura, energ\u00edas renovables, bio-construcci\u00f3n, reciclaje, compostaje e inserci\u00f3n socio-laboral. La encargada de entregar el galard\u00f3n es la ministra Isabel Garc\u00eda Tejerina, en un acto previsto para hoy en el auditorio del Ministerio de Agricultura en Madrid. Los Premios Ciudad Sostenible de F\u00f3rum Ambiental, que cumplen este a\u00f1o su d\u00e9cimo segunda edici\u00f3n con el apoyo del Ministerio de Medio Ambiente y el patrocinio de Ecoembes, quieren ser un reconocimiento a los municipios y entes locales supramunicipales que apuestan por proyectos y actuaciones dirigidas a potenciar la sostenibilidad.<\/p>\n","protected":false},"author":1,"featured_media":15431,"comment_status":"open","ping_status":"open","sticky":false,"template":"","format":"standard","meta":[],"categories":[1],"tags":[],"_links":{"self":[{"href":"https:\/\/www.varazdin.es\/fundacion\/wp-json\/wp\/v2\/posts\/15430"}],"collection":[{"href":"https:\/\/www.varazdin.es\/fundacion\/wp-json\/wp\/v2\/posts"}],"about":[{"href":"https:\/\/www.varazdin.es\/fundacion\/wp-json\/wp\/v2\/types\/post"}],"author":[{"embeddable":true,"href":"https:\/\/www.varazdin.es\/fundacion\/wp-json\/wp\/v2\/users\/1"}],"replies":[{"embeddable":true,"href":"https:\/\/www.varazdin.es\/fundacion\/wp-json\/wp\/v2\/comments?post=15430"}],"version-history":[{"count":2,"href":"https:\/\/www.varazdin.es\/fundacion\/wp-json\/wp\/v2\/posts\/15430\/revisions"}],"predecessor-version":[{"id":16045,"href":"https:\/\/www.varazdin.es\/fundacion\/wp-json\/wp\/v2\/posts\/15430\/revisions\/16045"}],"wp:featuredmedia":[{"embeddable":true,"href":"https:\/\/www.varazdin.es\/fundacion\/wp-json\/wp\/v2\/media\/15431"}],"wp:attachment":[{"href":"https:\/\/www.varazdin.es\/fundacion\/wp-json\/wp\/v2\/media?parent=15430"}],"wp:term":[{"taxonomy":"category","embeddable":true,"href":"https:\/\/www.varazdin.es\/fundacion\/wp-json\/wp\/v2\/categories?post=15430"},{"taxonomy":"post_tag","embeddable":true,"href":"https:\/\/www.varazdin.es\/fundacion\/wp-json\/wp\/v2\/tags?post=15430"}],"curies":[{"name":"wp","href":"https:\/\/api.w.org\/{rel}","templated":true}]}}